{"id":44287,"date":"2026-04-15T14:50:41","date_gmt":"2026-04-15T17:50:41","guid":{"rendered":"https:\/\/sabuguinho.com.br\/site\/?p=44287"},"modified":"2026-04-15T14:50:41","modified_gmt":"2026-04-15T17:50:41","slug":"saude-van-0-km-reforca-transporte-de-pacientes-para-centros-medicos-da-regiao","status":"publish","type":"post","link":"https:\/\/sabuguinho.com.br\/site\/saude-van-0-km-reforca-transporte-de-pacientes-para-centros-medicos-da-regiao\/","title":{"rendered":"SA\u00daDE *Van 0 km refor\u00e7a transporte de pacientes para centros m\u00e9dicos da regi\u00e3o*"},"content":{"rendered":"<p>Com capacidade para 15 passageiros, coletivo vai levar mun\u00edcipes para consultas, exames e tratamentos_<\/p>\n<p>Avar\u00e9 acaba de receber uma van 0 km que vai refor\u00e7ar o atendimento de pacientes da rede p\u00fablica de sa\u00fade.<br \/>\nO coletivo tem capacidade para at\u00e9 15 passageiros. A Secretaria Municipal da Sa\u00fade leva mun\u00edcipes diariamente para procedimentos em centros m\u00e9dicos de refer\u00eancia na regi\u00e3o.<br \/>\n\u201cO ve\u00edculo \u00e9 destinado ao transporte sanit\u00e1rio, ou seja, servi\u00e7os de sa\u00fade que n\u00e3o apresentam risco de vida, como consultas, exames e tratamentos\u201d, explica dr. Roslindo Machado, secret\u00e1rio Municipal da Sa\u00fade.<br \/>\nEssa \u00e9 mais uma conquista da Gest\u00e3o Roberto Araujo para o fortalecimento da Frota Municipal, por meio de parceria com o Governo do Estado de S\u00e3o Paulo.<br \/>\nO ve\u00edculo conta com acess\u00f3rios de seguran\u00e7a e especifica\u00e7\u00f5es t\u00e9cnicas exigidas pelo C\u00f3digo de Tr\u00e2nsito Brasileiro (CTB), al\u00e9m de ter um sistema de climatiza\u00e7\u00e3o com tecnologia de purifica\u00e7\u00e3o do ar, capaz de reduzir contaminantes e proporcionar mais conforto durante o deslocamento de pacientes.<\/p>\n<p><img loading=\"lazy\" decoding=\"async\" src=\"https:\/\/sabuguinho.com.br\/site\/wp-content\/uploads\/2026\/04\/IMG-20260415-WA0070-150x84.jpg\" alt=\"\" width=\"150\" height=\"84\" class=\"alignnone size-medium wp-image-44288\" srcset=\"https:\/\/sabuguinho.com.br\/site\/wp-content\/uploads\/2026\/04\/IMG-20260415-WA0070-150x84.jpg 150w, https:\/\/sabuguinho.com.br\/site\/wp-content\/uploads\/2026\/04\/IMG-20260415-WA0070-512x288.jpg 512w, https:\/\/sabuguinho.com.br\/site\/wp-content\/uploads\/2026\/04\/IMG-20260415-WA0070-768x432.jpg 768w, https:\/\/sabuguinho.com.br\/site\/wp-content\/uploads\/2026\/04\/IMG-20260415-WA0070-1536x864.jpg 1536w, https:\/\/sabuguinho.com.br\/site\/wp-content\/uploads\/2026\/04\/IMG-20260415-WA0070-750x422.jpg 750w, https:\/\/sabuguinho.com.br\/site\/wp-content\/uploads\/2026\/04\/IMG-20260415-WA0070-1140x641.jpg 1140w, https:\/\/sabuguinho.com.br\/site\/wp-content\/uploads\/2026\/04\/IMG-20260415-WA0070.jpg 1600w\" sizes=\"(max-width: 150px) 100vw, 150px\" \/><\/p>\n","protected":false},"excerpt":{"rendered":"<p>Com capacidade para 15 passageiros, coletivo vai levar mun\u00edcipes para consultas, exames e tratamentos_ Avar\u00e9 acaba de receber uma van 0 km que vai refor\u00e7ar o atendimento de pacientes da rede p\u00fablica de sa\u00fade. O coletivo tem capacidade para at\u00e9 15 passageiros. A Secretaria Municipal da Sa\u00fade leva mun\u00edcipes diariamente para procedimentos em centros m\u00e9dicos [&hellip;]<\/p>\n","protected":false},"author":2,"featured_media":44289,"comment_status":"open","ping_status":"open","sticky":false,"template":"","format":"standard","meta":{"footnotes":""},"categories":[58],"tags":[],"_links":{"self":[{"href":"https:\/\/sabuguinho.com.br\/site\/wp-json\/wp\/v2\/posts\/44287"}],"collection":[{"href":"https:\/\/sabuguinho.com.br\/site\/wp-json\/wp\/v2\/posts"}],"about":[{"href":"https:\/\/sabuguinho.com.br\/site\/wp-json\/wp\/v2\/types\/post"}],"author":[{"embeddable":true,"href":"https:\/\/sabuguinho.com.br\/site\/wp-json\/wp\/v2\/users\/2"}],"replies":[{"embeddable":true,"href":"https:\/\/sabuguinho.com.br\/site\/wp-json\/wp\/v2\/comments?post=44287"}],"version-history":[{"count":1,"href":"https:\/\/sabuguinho.com.br\/site\/wp-json\/wp\/v2\/posts\/44287\/revisions"}],"predecessor-version":[{"id":44290,"href":"https:\/\/sabuguinho.com.br\/site\/wp-json\/wp\/v2\/posts\/44287\/revisions\/44290"}],"wp:featuredmedia":[{"embeddable":true,"href":"https:\/\/sabuguinho.com.br\/site\/wp-json\/wp\/v2\/media\/44289"}],"wp:attachment":[{"href":"https:\/\/sabuguinho.com.br\/site\/wp-json\/wp\/v2\/media?parent=44287"}],"wp:term":[{"taxonomy":"category","embeddable":true,"href":"https:\/\/sabuguinho.com.br\/site\/wp-json\/wp\/v2\/categories?post=44287"},{"taxonomy":"post_tag","embeddable":true,"href":"https:\/\/sabuguinho.com.br\/site\/wp-json\/wp\/v2\/tags?post=44287"}],"curies":[{"name":"wp","href":"https:\/\/api.w.org\/{rel}","templated":true}]}}