{"id":43838,"date":"2026-04-06T19:10:11","date_gmt":"2026-04-06T22:10:11","guid":{"rendered":"https:\/\/sabuguinho.com.br\/site\/?p=43838"},"modified":"2026-04-06T19:10:11","modified_gmt":"2026-04-06T22:10:11","slug":"avare-policial-civil-ministra-palestra-em-escola-e-inspira-jovens-sobre-carreira-vocacao-e-escolhas-de-vida","status":"publish","type":"post","link":"https:\/\/sabuguinho.com.br\/site\/avare-policial-civil-ministra-palestra-em-escola-e-inspira-jovens-sobre-carreira-vocacao-e-escolhas-de-vida\/","title":{"rendered":"AVAR\u00c9   Policial Civil ministra palestra em escola e inspira jovens sobre carreira, voca\u00e7\u00e3o e escolhas de vida"},"content":{"rendered":"<p>A Pol\u00edcia Civil, por meio de iniciativa educativa em parceria com institui\u00e7\u00e3o de ensino, promoveu, nesta segunda-feira (6\/4), uma palestra aos alunos do 3\u00ba ano do ensino m\u00e9dio da Escola Dimens\u00e3o, em Avar\u00e9. A atividade foi conduzida pela Investigadora de Pol\u00edcia Adriana Plens Murbach Panoni Pires e integrou a disciplina \u201cProjeto de Vida\u201d, coordenada pela professora Ana Carolina Ferreira.<br \/>\nCom dura\u00e7\u00e3o aproximada de duas horas, a palestra teve como tema \u201cCaminhos, Escolhas e Consequ\u00eancias: A Rotina de uma Investigadora\u201d, abordando, de forma clara e acess\u00edvel, aspectos relevantes da carreira na Pol\u00edcia Civil, especialmente no que se refere \u00e0 fun\u00e7\u00e3o de Investigador de Pol\u00edcia. O encontro proporcionou aos estudantes uma compreens\u00e3o concreta sobre a profiss\u00e3o, seus desafios e responsabilidades.<br \/>\nDurante a exposi\u00e7\u00e3o, a policial civil compartilhou sua trajet\u00f3ria profissional, destacando as motiva\u00e7\u00f5es que a conduziram ao ingresso na institui\u00e7\u00e3o, bem como sua experi\u00eancia durante a forma\u00e7\u00e3o na Academia de Pol\u00edcia. Ao relatar sua viv\u00eancia pr\u00e1tica, evidenciou os desafios cotidianos da atividade investigativa, ressaltando a import\u00e2ncia do preparo t\u00e9cnico, do equil\u00edbrio emocional e do compromisso com a legalidade.<br \/>\nA investigadora enfatizou, ainda, que a carreira policial exige voca\u00e7\u00e3o, dedica\u00e7\u00e3o e senso de responsabilidade, destacando que o verdadeiro \u00eaxito na profiss\u00e3o est\u00e1 diretamente ligado ao prop\u00f3sito de servir \u00e0 sociedade. Nesse contexto, pontuou a relev\u00e2ncia da atividade investigativa na elucida\u00e7\u00e3o de crimes, ressaltando a satisfa\u00e7\u00e3o profissional em promover justi\u00e7a e contribuir para o amparo das v\u00edtimas.<br \/>\nOutro aspecto de destaque foi a abordagem sobre a atua\u00e7\u00e3o feminina na Pol\u00edcia Civil. A palestrante destacou os avan\u00e7os na participa\u00e7\u00e3o das mulheres na institui\u00e7\u00e3o, evidenciando a crescente ocupa\u00e7\u00e3o de espa\u00e7os historicamente masculinos, sem deixar de mencionar os desafios enfrentados e a import\u00e2ncia da perseveran\u00e7a e da qualifica\u00e7\u00e3o profissional.<br \/>\nDurante a atividade, tamb\u00e9m foram apresentados exemplos de opera\u00e7\u00f5es desenvolvidas pela Pol\u00edcia Civil, o que despertou grande interesse dos alunos, que participaram ativamente por meio de questionamentos sobre a din\u00e2mica das investiga\u00e7\u00f5es, os procedimentos adotados e a rotina policial.<br \/>\nA Investigadora Adriana ainda apresentou detalhes de sua atua\u00e7\u00e3o na Delegacia de Investiga\u00e7\u00f5es Gerais (DIG) de Avar\u00e9, unidade especializada onde exerce suas fun\u00e7\u00f5es, aproximando ainda mais os estudantes da realidade da atividade policial.<br \/>\nA iniciativa refor\u00e7a a import\u00e2ncia da integra\u00e7\u00e3o entre a Pol\u00edcia Civil e as institui\u00e7\u00f5es de ensino, consolidando parcerias que contribuem para a forma\u00e7\u00e3o cidad\u00e3 dos jovens e para o fortalecimento dos la\u00e7os entre a sociedade e as for\u00e7as de seguran\u00e7a p\u00fablica.<br \/>\nAo final do evento, a palestrante foi homenageada com a entrega de um certificado pela Escola Dimens\u00e3o, em reconhecimento \u00e0 relev\u00e2ncia de sua participa\u00e7\u00e3o e \u00e0 contribui\u00e7\u00e3o prestada na orienta\u00e7\u00e3o dos estudantes <\/p>\n<p><img loading=\"lazy\" decoding=\"async\" src=\"https:\/\/sabuguinho.com.br\/site\/wp-content\/uploads\/2026\/04\/IMG-20260406-WA0088-2-84x150.jpg\" alt=\"\" width=\"84\" height=\"150\" class=\"alignnone size-medium wp-image-43843\" srcset=\"https:\/\/sabuguinho.com.br\/site\/wp-content\/uploads\/2026\/04\/IMG-20260406-WA0088-2-84x150.jpg 84w, https:\/\/sabuguinho.com.br\/site\/wp-content\/uploads\/2026\/04\/IMG-20260406-WA0088-2-288x512.jpg 288w, https:\/\/sabuguinho.com.br\/site\/wp-content\/uploads\/2026\/04\/IMG-20260406-WA0088-2-768x1365.jpg 768w, https:\/\/sabuguinho.com.br\/site\/wp-content\/uploads\/2026\/04\/IMG-20260406-WA0088-2-864x1536.jpg 864w, https:\/\/sabuguinho.com.br\/site\/wp-content\/uploads\/2026\/04\/IMG-20260406-WA0088-2-750x1333.jpg 750w, https:\/\/sabuguinho.com.br\/site\/wp-content\/uploads\/2026\/04\/IMG-20260406-WA0088-2.jpg 900w\" sizes=\"(max-width: 84px) 100vw, 84px\" \/><\/p>\n<p><img loading=\"lazy\" decoding=\"async\" src=\"https:\/\/sabuguinho.com.br\/site\/wp-content\/uploads\/2026\/04\/IMG-20260406-WA0087-111x150.jpg\" alt=\"\" width=\"111\" height=\"150\" class=\"alignnone size-medium wp-image-43844\" srcset=\"https:\/\/sabuguinho.com.br\/site\/wp-content\/uploads\/2026\/04\/IMG-20260406-WA0087-111x150.jpg 111w, https:\/\/sabuguinho.com.br\/site\/wp-content\/uploads\/2026\/04\/IMG-20260406-WA0087-378x512.jpg 378w, https:\/\/sabuguinho.com.br\/site\/wp-content\/uploads\/2026\/04\/IMG-20260406-WA0087-768x1040.jpg 768w, https:\/\/sabuguinho.com.br\/site\/wp-content\/uploads\/2026\/04\/IMG-20260406-WA0087-750x1016.jpg 750w, https:\/\/sabuguinho.com.br\/site\/wp-content\/uploads\/2026\/04\/IMG-20260406-WA0087.jpg 1075w\" sizes=\"(max-width: 111px) 100vw, 111px\" \/><\/p>\n<p><img loading=\"lazy\" decoding=\"async\" src=\"https:\/\/sabuguinho.com.br\/site\/wp-content\/uploads\/2026\/04\/IMG-20260406-WA0086-69x150.jpg\" alt=\"\" width=\"69\" height=\"150\" class=\"alignnone size-medium wp-image-43845\" srcset=\"https:\/\/sabuguinho.com.br\/site\/wp-content\/uploads\/2026\/04\/IMG-20260406-WA0086-69x150.jpg 69w, https:\/\/sabuguinho.com.br\/site\/wp-content\/uploads\/2026\/04\/IMG-20260406-WA0086-236x512.jpg 236w, https:\/\/sabuguinho.com.br\/site\/wp-content\/uploads\/2026\/04\/IMG-20260406-WA0086-708x1536.jpg 708w, https:\/\/sabuguinho.com.br\/site\/wp-content\/uploads\/2026\/04\/IMG-20260406-WA0086.jpg 738w\" sizes=\"(max-width: 69px) 100vw, 69px\" \/><\/p>\n","protected":false},"excerpt":{"rendered":"<p>A Pol\u00edcia Civil, por meio de iniciativa educativa em parceria com institui\u00e7\u00e3o de ensino, promoveu, nesta segunda-feira (6\/4), uma palestra aos alunos do 3\u00ba ano do ensino m\u00e9dio da Escola Dimens\u00e3o, em Avar\u00e9. A atividade foi conduzida pela Investigadora de Pol\u00edcia Adriana Plens Murbach Panoni Pires e integrou a disciplina \u201cProjeto de Vida\u201d, coordenada pela [&hellip;]<\/p>\n","protected":false},"author":2,"featured_media":43846,"comment_status":"open","ping_status":"open","sticky":false,"template":"","format":"standard","meta":{"footnotes":""},"categories":[91],"tags":[],"_links":{"self":[{"href":"https:\/\/sabuguinho.com.br\/site\/wp-json\/wp\/v2\/posts\/43838"}],"collection":[{"href":"https:\/\/sabuguinho.com.br\/site\/wp-json\/wp\/v2\/posts"}],"about":[{"href":"https:\/\/sabuguinho.com.br\/site\/wp-json\/wp\/v2\/types\/post"}],"author":[{"embeddable":true,"href":"https:\/\/sabuguinho.com.br\/site\/wp-json\/wp\/v2\/users\/2"}],"replies":[{"embeddable":true,"href":"https:\/\/sabuguinho.com.br\/site\/wp-json\/wp\/v2\/comments?post=43838"}],"version-history":[{"count":1,"href":"https:\/\/sabuguinho.com.br\/site\/wp-json\/wp\/v2\/posts\/43838\/revisions"}],"predecessor-version":[{"id":43847,"href":"https:\/\/sabuguinho.com.br\/site\/wp-json\/wp\/v2\/posts\/43838\/revisions\/43847"}],"wp:featuredmedia":[{"embeddable":true,"href":"https:\/\/sabuguinho.com.br\/site\/wp-json\/wp\/v2\/media\/43846"}],"wp:attachment":[{"href":"https:\/\/sabuguinho.com.br\/site\/wp-json\/wp\/v2\/media?parent=43838"}],"wp:term":[{"taxonomy":"category","embeddable":true,"href":"https:\/\/sabuguinho.com.br\/site\/wp-json\/wp\/v2\/categories?post=43838"},{"taxonomy":"post_tag","embeddable":true,"href":"https:\/\/sabuguinho.com.br\/site\/wp-json\/wp\/v2\/tags?post=43838"}],"curies":[{"name":"wp","href":"https:\/\/api.w.org\/{rel}","templated":true}]}}