{"id":43832,"date":"2026-04-06T17:28:27","date_gmt":"2026-04-06T20:28:27","guid":{"rendered":"https:\/\/sabuguinho.com.br\/site\/?p=43832"},"modified":"2026-04-06T17:28:27","modified_gmt":"2026-04-06T20:28:27","slug":"corinthians-demite-dorival-junior-apos-derrota-para-o-internacional","status":"publish","type":"post","link":"https:\/\/sabuguinho.com.br\/site\/corinthians-demite-dorival-junior-apos-derrota-para-o-internacional\/","title":{"rendered":"Corinthians demite Dorival J\u00fanior ap\u00f3s derrota para o Internacional"},"content":{"rendered":"<p>T\u00e9cnico \u00e9 o 10\u00ba a cair desde o in\u00edcio do Campeonato Brasileiro<\/p>\n<p>Ag\u00eancia Brasil<\/p>\n<p>Dorival J\u00fanior n\u00e3o \u00e9 mais treinador do Corinthians. Ap\u00f3s um ano no cargo, ele foi demitido ap\u00f3s derrota em casa para o Internacional (1 a 0), na noite de domingo (5), pela 10\u00aa rodada do Campeonato Brasileiro. O rev\u00e9s diante do Colorado deixou o time em 16\u00ba lugar da classifica\u00e7\u00e3o geral, com 10 pontos, dois a mais que a Chapecoense (17\u00ba), primeiro na zona de rebaixamento (Z4). O clube paulista soma nove jogos sem vit\u00f3rias, sendo sete delas no Brasileir\u00e3o.<br \/>\nDurante o per\u00edodo no comando do Tim\u00e3o, Dorival foi campe\u00e3o da Copa do Brasil de 2025 e da Supercopa do Brasil deste ano. No entanto, no Paulist\u00e3o amargou a elimina\u00e7\u00e3o do Corinthians para o Novorizontino nas semifinais do torneio.<br \/>\nA partir desta segunda (6), o Tim\u00e3o ser\u00e1 comandado por William Batista, t\u00e9cnico da equipe sub-20 masculina.<br \/>\nNa pr\u00f3xima quinta (9), \u00e0s 21h (hor\u00e1rio de Bras\u00edlia) o time paulista estreia fora de casa na Libertadores contra o Platense (Argentina), pelo Grupo E, que tem ainda Pe\u00f1arol (Uruguai) e Santa F\u00e9 (Col\u00f4mbia).<br \/>\nDorival \u00e9 o 10\u00ba t\u00e9cnico demitido desde o in\u00edcio do Brasileir\u00e3o. Os demais foram Jorge Sampaolli (Atl\u00e9tico-MG), Fernando Diniz (Vasco), Juan Carlos Os\u00f3rio (Remo), Filipe Lu\u00eds (Flamengo), Hern\u00e1n Crespo (S\u00e3o Paulo), Tite (Cruzeiro), Juan Vojvoda (Santos), Mart\u00edn Anselmi (Botafogo) e Gilmar Dal Pozzo (Chapecoense).<\/p>\n","protected":false},"excerpt":{"rendered":"<p>T\u00e9cnico \u00e9 o 10\u00ba a cair desde o in\u00edcio do Campeonato Brasileiro Ag\u00eancia Brasil Dorival J\u00fanior n\u00e3o \u00e9 mais treinador do Corinthians. Ap\u00f3s um ano no cargo, ele foi demitido ap\u00f3s derrota em casa para o Internacional (1 a 0), na noite de domingo (5), pela 10\u00aa rodada do Campeonato Brasileiro. O rev\u00e9s diante do [&hellip;]<\/p>\n","protected":false},"author":2,"featured_media":43835,"comment_status":"open","ping_status":"open","sticky":false,"template":"","format":"standard","meta":{"footnotes":""},"categories":[45],"tags":[],"_links":{"self":[{"href":"https:\/\/sabuguinho.com.br\/site\/wp-json\/wp\/v2\/posts\/43832"}],"collection":[{"href":"https:\/\/sabuguinho.com.br\/site\/wp-json\/wp\/v2\/posts"}],"about":[{"href":"https:\/\/sabuguinho.com.br\/site\/wp-json\/wp\/v2\/types\/post"}],"author":[{"embeddable":true,"href":"https:\/\/sabuguinho.com.br\/site\/wp-json\/wp\/v2\/users\/2"}],"replies":[{"embeddable":true,"href":"https:\/\/sabuguinho.com.br\/site\/wp-json\/wp\/v2\/comments?post=43832"}],"version-history":[{"count":1,"href":"https:\/\/sabuguinho.com.br\/site\/wp-json\/wp\/v2\/posts\/43832\/revisions"}],"predecessor-version":[{"id":43836,"href":"https:\/\/sabuguinho.com.br\/site\/wp-json\/wp\/v2\/posts\/43832\/revisions\/43836"}],"wp:featuredmedia":[{"embeddable":true,"href":"https:\/\/sabuguinho.com.br\/site\/wp-json\/wp\/v2\/media\/43835"}],"wp:attachment":[{"href":"https:\/\/sabuguinho.com.br\/site\/wp-json\/wp\/v2\/media?parent=43832"}],"wp:term":[{"taxonomy":"category","embeddable":true,"href":"https:\/\/sabuguinho.com.br\/site\/wp-json\/wp\/v2\/categories?post=43832"},{"taxonomy":"post_tag","embeddable":true,"href":"https:\/\/sabuguinho.com.br\/site\/wp-json\/wp\/v2\/tags?post=43832"}],"curies":[{"name":"wp","href":"https:\/\/api.w.org\/{rel}","templated":true}]}}