{"id":43721,"date":"2026-04-04T15:40:53","date_gmt":"2026-04-04T18:40:53","guid":{"rendered":"https:\/\/sabuguinho.com.br\/site\/?p=43721"},"modified":"2026-04-04T15:40:53","modified_gmt":"2026-04-04T18:40:53","slug":"prefeito-de-botucatu-de-1989-a-1992-vive-atualmente-na-vila-dos-lavradores-local-onde-nasceu-e-foi-criado-personagem-dos-171-anos-da-cidade-teve-atuacao-decisiva-nas-areas-da-saude-educacao-cult","status":"publish","type":"post","link":"https:\/\/sabuguinho.com.br\/site\/prefeito-de-botucatu-de-1989-a-1992-vive-atualmente-na-vila-dos-lavradores-local-onde-nasceu-e-foi-criado-personagem-dos-171-anos-da-cidade-teve-atuacao-decisiva-nas-areas-da-saude-educacao-cult\/","title":{"rendered":"Prefeito de Botucatu de 1989 a 1992, vive atualmente na Vila dos Lavradores, local onde nasceu e foi criado. Personagem dos 171 anos da cidade, teve atua\u00e7\u00e3o decisiva nas \u00e1reas da sa\u00fade, educa\u00e7\u00e3o, cultura e desenvolvimento urbano"},"content":{"rendered":"<p>Joel Spadaro assumiu o comando do munic\u00edpio em 1989 (Foto: FMB\/Unesp)<br \/>\nDentro da s\u00e9rie especial que resgata personagens que ajudaram a construir a hist\u00f3ria de Botucatu em seus 171 anos, um dos nomes que se destacam \u00e9 o do m\u00e9dico e ex- prefeito Joel Spadaro.<br \/>\nVice-prefeito de 1983 a 1988, foi eleito prefeito no pleito municipal de 1988, governando Botucatu de 1989 a 1992. Foi um per\u00edodo de muitos avan\u00e7os nas \u00e1reas da sa\u00fade, educa\u00e7\u00e3o, cultura e desenvolvimento urbano.<br \/>\nNascido em Botucatu, no dia 21 de mar\u00e7o de 1939, Joel Spadaro cresceu na tradicional Vila dos Lavradores. Por l\u00e1, ainda vive com a fam\u00edlia.<br \/>\nIniciou seus estudos na Escola Dom L\u00facio Antunes de Souza e, posteriormente, cursou o ensino ginasial e cient\u00edfico no Instituto de Educa\u00e7\u00e3o Dr. Cardoso de Almeida (IECA).<br \/>\nFormou-se em Medicina em 1968 pela ent\u00e3o Faculdade de Ci\u00eancias M\u00e9dicas e Biol\u00f3gicas de Botucatu, integrando a primeira turma da institui\u00e7\u00e3o. No ano seguinte, realizou resid\u00eancia m\u00e9dica e, ao longo de sua trajet\u00f3ria acad\u00eamica, alcan\u00e7ou o cargo de Professor Titular de Cardiologia em 1987.<br \/>\nAtua\u00e7\u00e3o como vice-prefeito e contribui\u00e7\u00e3o na sa\u00fade<br \/>\nAntes de assumir a Prefeitura, Joel Spadaro foi eleito vice-prefeito de Botucatu em 1982, na chapa do MDB com Jamil Cury, exercendo o cargo entre 1983 e 1988. Nesse per\u00edodo, teve atua\u00e7\u00e3o direta na \u00e1rea da sa\u00fade, participando das discuss\u00f5es que envolveram a implanta\u00e7\u00e3o do SUDS e, posteriormente, do SUS.<br \/>\nCom sua participa\u00e7\u00e3o, o munic\u00edpio estruturou a Coordenadoria de Sa\u00fade, criada em 1983, e promoveu a reorganiza\u00e7\u00e3o do Posto de Sa\u00fade de Vitoriana, com atua\u00e7\u00e3o de professores e residentes da Faculdade. Tamb\u00e9m foram implantados os Centros Municipais de Sa\u00fade da Cohab, Jardim Peabiru e Cecap.<br \/>\nJoel ainda teve papel importante na assinatura do Conv\u00eanio das A\u00e7\u00f5es Integradas de Sa\u00fade (AIS), chegando a presidir o colegiado respons\u00e1vel pela integra\u00e7\u00e3o dos servi\u00e7os envolvendo INAMPS, Hospital das Cl\u00ednicas, Secretaria de Sa\u00fade e demais estruturas de atendimento.<\/p>\n<p>A\u00e7\u00f5es culturais e educacionais<\/p>\n<p>Na \u00e1rea cultural, participou do fortalecimento da Orquestra Sinf\u00f4nica e do Coral Municipal, al\u00e9m de contribuir para a cria\u00e7\u00e3o do Museu de Arte Contempor\u00e2nea \u201cItajahy Martins\u201d e para a amplia\u00e7\u00e3o da Biblioteca Municipal.<br \/>\nNa educa\u00e7\u00e3o, esteve envolvido nos processos que resultaram na constru\u00e7\u00e3o das escolas estaduais \u201cSophia Gabriel\u201d, \u201cLuiz Carlos Aranha Pacheco\u201d e \u201cPaulo Guimar\u00e3es\u201d.<br \/>\nGest\u00e3o como prefeito: avan\u00e7os estruturais em Botucatu<br \/>\nJoel Spadaro foi eleito prefeito em 1988 pelo PMDB. Na oportunidade, venceu o empres\u00e1rio Em\u00edlio Peduti Filho e o ex-prefeito Lico Silveira.<br \/>\nAssumiu o comando do munic\u00edpio em 1989, per\u00edodo em que implementou uma s\u00e9rie de a\u00e7\u00f5es que impactaram diretamente o crescimento e a organiza\u00e7\u00e3o de Botucatu.<br \/>\nLogo no in\u00edcio da gest\u00e3o, liderou uma miss\u00e3o internacional aos Estados Unidos, com outros prefeitos, para estudos sobre despolui\u00e7\u00e3o e aproveitamento do Vale do Rio Tennessee. Tamb\u00e9m foi indicado pelo governador Luiz Ant\u00f4nio Fleury Filho para integrar o Conselho Estadual de Sa\u00fade.<br \/>\nEduca\u00e7\u00e3o ampliada e valoriza\u00e7\u00e3o do ensino<br \/>\nDurante seu mandato, a educa\u00e7\u00e3o foi uma das prioridades. Foram constru\u00eddas pr\u00e9-escolas em bairros perif\u00e9ricos, ampliando o acesso \u00e0 educa\u00e7\u00e3o infantil. A implanta\u00e7\u00e3o da padaria municipal e da cozinha piloto garantiu alimenta\u00e7\u00e3o a milhares de crian\u00e7as e jovens.<br \/>\nTamb\u00e9m criou o Supletivo de 2\u00ba grau e promoveu a valoriza\u00e7\u00e3o dos professores. Com apoio do Governo do Estado, viabilizou reformas e amplia\u00e7\u00f5es em escolas estaduais e conquistou a restaura\u00e7\u00e3o do pr\u00e9dio hist\u00f3rico do IECA.<br \/>\nNovas unidades escolares foram constru\u00eddas nos bairros Vitoriana e Parque Marajoara, al\u00e9m da previs\u00e3o de implanta\u00e7\u00e3o de um CIAC, com \u00e1rea j\u00e1 destinada e projeto em andamento. Em parceria com a iniciativa privada, o munic\u00edpio conquistou a instala\u00e7\u00e3o do SESI e do SENAI.<br \/>\nSa\u00fade fortalecida e amplia\u00e7\u00e3o do atendimento<br \/>\nNa \u00e1rea da sa\u00fade, a municipaliza\u00e7\u00e3o permitiu a amplia\u00e7\u00e3o do atendimento \u00e0 popula\u00e7\u00e3o, com sete centros municipais em funcionamento e outros dois em constru\u00e7\u00e3o.<br \/>\nJoel Spadaro tamb\u00e9m atuou na manuten\u00e7\u00e3o dos prontos-socorros da Miseric\u00f3rdia e do Hospital Sorocabana, al\u00e9m de defender a amplia\u00e7\u00e3o do Hospital das Cl\u00ednicas. Sua atua\u00e7\u00e3o foi decisiva para a libera\u00e7\u00e3o de recursos estaduais destinados \u00e0 implanta\u00e7\u00e3o de um centro de diagn\u00f3stico por imagem no HC, elevando o n\u00edvel de atendimento.<br \/>\nTamb\u00e9m participou das discuss\u00f5es pela autonomia universit\u00e1ria e pelo aumento da participa\u00e7\u00e3o da Unesp na arrecada\u00e7\u00e3o do ICMS.<br \/>\nSaneamento e qualidade de vida<br \/>\nEm parceria com a Sabesp, sua gest\u00e3o alcan\u00e7ou \u00edndices elevados de saneamento b\u00e1sico, com 98% de cobertura de \u00e1gua encanada e 94% de rede de esgoto \u2014 patamares considerados de primeiro mundo.<br \/>\nA implanta\u00e7\u00e3o dos coletores-tronco dos c\u00f3rregos Lavap\u00e9s e Tanquinho contribuiu diretamente para a melhoria das condi\u00e7\u00f5es sanit\u00e1rias e da qualidade de vida da popula\u00e7\u00e3o.<br \/>\nSeguran\u00e7a p\u00fablica estruturada<br \/>\nNa \u00e1rea da seguran\u00e7a, houve avan\u00e7os importantes com a implanta\u00e7\u00e3o do r\u00e1dio-patrulhamento padr\u00e3o, da pol\u00edcia feminina e de delegacias especializadas, como a DIG, a Delegacia de Entorpecentes e a Delegacia da Mulher.<br \/>\nO Corpo de Bombeiros tamb\u00e9m foi fortalecido, com nova sede, amplia\u00e7\u00e3o de efetivo e aquisi\u00e7\u00e3o de equipamentos.<br \/>\nDesenvolvimento econ\u00f4mico e infraestrutura<br \/>\nA gest\u00e3o tamb\u00e9m incentivou a instala\u00e7\u00e3o de pequenas e m\u00e9dias ind\u00fastrias no distrito industrial, fortalecendo a economia local.<br \/>\nObras estrat\u00e9gicas, como a duplica\u00e7\u00e3o da Rodovia Jo\u00e3o Hip\u00f3lito Martins (Castelinho) e da Marechal Rondon, impulsionaram o desenvolvimento regional. O munic\u00edpio passou a contar com a Superintend\u00eancia Regional da Sabesp, al\u00e9m do retorno de estruturas regionais da Caixa Econ\u00f4mica Estadual e da amplia\u00e7\u00e3o do Banespa.<br \/>\nA instala\u00e7\u00e3o do SESI tamb\u00e9m marcou o per\u00edodo como um avan\u00e7o importante no desenvolvimento social e educacional.<br \/>\nGest\u00e3o p\u00fablica respons\u00e1vel<br \/>\nAo longo de sua administra\u00e7\u00e3o, Joel Spadaro manteve uma gest\u00e3o pautada pela responsabilidade no uso dos recursos p\u00fablicos, sem incha\u00e7o da m\u00e1quina administrativa, garantindo, ao mesmo tempo, valoriza\u00e7\u00e3o e tratamento digno aos servidores municipais.<br \/>\nA trajet\u00f3ria de Joel Spadaro segue como uma das mais relevantes na hist\u00f3ria recente de Botucatu, com contribui\u00e7\u00f5es que ainda refletem diretamente na estrutura e qualidade de vida do munic\u00edpio.<\/p>\n","protected":false},"excerpt":{"rendered":"<p>Joel Spadaro assumiu o comando do munic\u00edpio em 1989 (Foto: FMB\/Unesp) Dentro da s\u00e9rie especial que resgata personagens que ajudaram a construir a hist\u00f3ria de Botucatu em seus 171 anos, um dos nomes que se destacam \u00e9 o do m\u00e9dico e ex- prefeito Joel Spadaro. Vice-prefeito de 1983 a 1988, foi eleito prefeito no pleito [&hellip;]<\/p>\n","protected":false},"author":2,"featured_media":43722,"comment_status":"open","ping_status":"open","sticky":false,"template":"","format":"standard","meta":{"footnotes":""},"categories":[51],"tags":[],"_links":{"self":[{"href":"https:\/\/sabuguinho.com.br\/site\/wp-json\/wp\/v2\/posts\/43721"}],"collection":[{"href":"https:\/\/sabuguinho.com.br\/site\/wp-json\/wp\/v2\/posts"}],"about":[{"href":"https:\/\/sabuguinho.com.br\/site\/wp-json\/wp\/v2\/types\/post"}],"author":[{"embeddable":true,"href":"https:\/\/sabuguinho.com.br\/site\/wp-json\/wp\/v2\/users\/2"}],"replies":[{"embeddable":true,"href":"https:\/\/sabuguinho.com.br\/site\/wp-json\/wp\/v2\/comments?post=43721"}],"version-history":[{"count":1,"href":"https:\/\/sabuguinho.com.br\/site\/wp-json\/wp\/v2\/posts\/43721\/revisions"}],"predecessor-version":[{"id":43723,"href":"https:\/\/sabuguinho.com.br\/site\/wp-json\/wp\/v2\/posts\/43721\/revisions\/43723"}],"wp:featuredmedia":[{"embeddable":true,"href":"https:\/\/sabuguinho.com.br\/site\/wp-json\/wp\/v2\/media\/43722"}],"wp:attachment":[{"href":"https:\/\/sabuguinho.com.br\/site\/wp-json\/wp\/v2\/media?parent=43721"}],"wp:term":[{"taxonomy":"category","embeddable":true,"href":"https:\/\/sabuguinho.com.br\/site\/wp-json\/wp\/v2\/categories?post=43721"},{"taxonomy":"post_tag","embeddable":true,"href":"https:\/\/sabuguinho.com.br\/site\/wp-json\/wp\/v2\/tags?post=43721"}],"curies":[{"name":"wp","href":"https:\/\/api.w.org\/{rel}","templated":true}]}}