{"id":43717,"date":"2026-04-04T11:51:34","date_gmt":"2026-04-04T14:51:34","guid":{"rendered":"https:\/\/sabuguinho.com.br\/site\/?p=43717"},"modified":"2026-04-04T11:51:34","modified_gmt":"2026-04-04T14:51:34","slug":"paranapanema-divulga-atracoes-da-3a-edicao-da-feira-e-exposicao-agropecuaria","status":"publish","type":"post","link":"https:\/\/sabuguinho.com.br\/site\/paranapanema-divulga-atracoes-da-3a-edicao-da-feira-e-exposicao-agropecuaria\/","title":{"rendered":"PARANAPANEMA DIVULGA ATRA\u00c7\u00d5ES DA 3\u00aa EDI\u00c7\u00c3O DA FEIRA E EXPOSI\u00c7\u00c3O AGROPECU\u00c1RIA"},"content":{"rendered":"<p>A Feira e Exposi\u00e7\u00e3o Agropecu\u00e1ria (Feap) de Paranapanema (SP) divulgou a lista de atra\u00e7\u00f5es da terceira edi\u00e7\u00e3o do evento, que acontece entre os dias 17 e 21 de abril, no recinto de festas e exposi\u00e7\u00f5es da cidade.<br \/>\nEntre os artistas que subir\u00e3o ao palco da festa, est\u00e3o grandes nomes da m\u00fasica sertaneja, como as duplas Z\u00e9 Neto e Cristiano e Chit\u00e3ozinho e Xoror\u00f3. Confira a lista completa:<\/p>\n<p>17\/4 (sexta-feira):<\/p>\n<p>Guilherme e Benuto;<\/p>\n<p>Alexandre Pires.<\/p>\n<p>18\/4 (s\u00e1bado):<\/p>\n<p>Chit\u00e3ozinho e Xoror\u00f3;<\/p>\n<p>Tuta Guedes;<\/p>\n<p>Charles e Mancini.<\/p>\n<p>19\/4 (domingo):<\/p>\n<p>Z\u00e9 Neto e Cristiano;<\/p>\n<p>L\u00e9o e Raphael.<\/p>\n<p>20\/4 (segunda-feira):<\/p>\n<p>\u00cdcaro e Gilmar;<\/p>\n<p>Pedro Sampaio;<\/p>\n<p>Lucas e Higor.<\/p>\n<p>21\/4 (ter\u00e7a-feira):<\/p>\n<p>Ton Carfi.<\/p>\n<p>O evento \u00e9 gratuito e aberto para todos os p\u00fablicos. O recinto fica localizado na Avenida Jo\u00e3o Seleiro, s\/n, no Centro de Paranapanema.<\/p>\n","protected":false},"excerpt":{"rendered":"<p>A Feira e Exposi\u00e7\u00e3o Agropecu\u00e1ria (Feap) de Paranapanema (SP) divulgou a lista de atra\u00e7\u00f5es da terceira edi\u00e7\u00e3o do evento, que acontece entre os dias 17 e 21 de abril, no recinto de festas e exposi\u00e7\u00f5es da cidade. Entre os artistas que subir\u00e3o ao palco da festa, est\u00e3o grandes nomes da m\u00fasica sertaneja, como as duplas [&hellip;]<\/p>\n","protected":false},"author":2,"featured_media":43718,"comment_status":"open","ping_status":"open","sticky":false,"template":"","format":"standard","meta":{"footnotes":""},"categories":[51],"tags":[],"_links":{"self":[{"href":"https:\/\/sabuguinho.com.br\/site\/wp-json\/wp\/v2\/posts\/43717"}],"collection":[{"href":"https:\/\/sabuguinho.com.br\/site\/wp-json\/wp\/v2\/posts"}],"about":[{"href":"https:\/\/sabuguinho.com.br\/site\/wp-json\/wp\/v2\/types\/post"}],"author":[{"embeddable":true,"href":"https:\/\/sabuguinho.com.br\/site\/wp-json\/wp\/v2\/users\/2"}],"replies":[{"embeddable":true,"href":"https:\/\/sabuguinho.com.br\/site\/wp-json\/wp\/v2\/comments?post=43717"}],"version-history":[{"count":1,"href":"https:\/\/sabuguinho.com.br\/site\/wp-json\/wp\/v2\/posts\/43717\/revisions"}],"predecessor-version":[{"id":43719,"href":"https:\/\/sabuguinho.com.br\/site\/wp-json\/wp\/v2\/posts\/43717\/revisions\/43719"}],"wp:featuredmedia":[{"embeddable":true,"href":"https:\/\/sabuguinho.com.br\/site\/wp-json\/wp\/v2\/media\/43718"}],"wp:attachment":[{"href":"https:\/\/sabuguinho.com.br\/site\/wp-json\/wp\/v2\/media?parent=43717"}],"wp:term":[{"taxonomy":"category","embeddable":true,"href":"https:\/\/sabuguinho.com.br\/site\/wp-json\/wp\/v2\/categories?post=43717"},{"taxonomy":"post_tag","embeddable":true,"href":"https:\/\/sabuguinho.com.br\/site\/wp-json\/wp\/v2\/tags?post=43717"}],"curies":[{"name":"wp","href":"https:\/\/api.w.org\/{rel}","templated":true}]}}