{"id":43001,"date":"2026-03-20T10:27:35","date_gmt":"2026-03-20T13:27:35","guid":{"rendered":"https:\/\/sabuguinho.com.br\/site\/?p=43001"},"modified":"2026-03-20T10:27:35","modified_gmt":"2026-03-20T13:27:35","slug":"nativa-fm-sudoeste-paulista-nasce-em-itapetininga-grupo-beto-mendes-ja-projeta-emissora-em-avare","status":"publish","type":"post","link":"https:\/\/sabuguinho.com.br\/site\/nativa-fm-sudoeste-paulista-nasce-em-itapetininga-grupo-beto-mendes-ja-projeta-emissora-em-avare\/","title":{"rendered":"NATIVA FM SUDOESTE PAULISTA NASCE EM ITAPETININGA; GRUPO BETO MENDES J\u00c1 PROJETA EMISSORA EM AVAR\u00c9"},"content":{"rendered":"<p>A Rede Nativa FM deu um passo significativo em seu plano de consolida\u00e7\u00e3o no interior paulista com a inaugura\u00e7\u00e3o oficial da Nativa FM 101.1 em Itapetininga, ocorrida na quinta-feira (19). O evento, realizado no Itap\u00ea Shopping, marcou a estreia da emissora que j\u00e1 nasce com o status de classe especial \u2014 a maior cobertura autorizada pelo Minist\u00e9rio das Comunica\u00e7\u00f5es, sendo a \u00fanica da regi\u00e3o com essa classifica\u00e7\u00e3o.<br \/>\nA nova afiliada, operada pelo grupo do ex-prefeito de Paranapanema, Beto Mendes, em parceria com a Oceania Eventos e o radialista Wanderson Carlos, representa a primeira fase de um ambicioso projeto de interioriza\u00e7\u00e3o. Conforme detalhado durante a inaugura\u00e7\u00e3o, a chegada da r\u00e1dio a Itapetininga \u00e9 apenas o ponto de partida para a cria\u00e7\u00e3o de um dos mais fortes grupos regionais de comunica\u00e7\u00e3o do pa\u00eds.<\/p>\n<p>**Avar\u00e9 no centro da estrat\u00e9gia de expans\u00e3o**<\/p>\n<p>Dentro do cronograma apresentado pelo grupo, Avar\u00e9 surge como um dos destinos priorit\u00e1rios. A expans\u00e3o prev\u00ea a implanta\u00e7\u00e3o de outras oito emissoras em FM nos pr\u00f3ximos cinco anos, abrangendo cidades estrat\u00e9gicas do estado e at\u00e9 do Paran\u00e1. Al\u00e9m de Itapetininga, est\u00e3o no plano de metas as cidades de **Avar\u00e9**, Ourinhos, Mar\u00edlia, Ara\u00e7atuba, S\u00e3o Jos\u00e9 do Rio Preto, Teodoro Sampaio, Paranava\u00ed e Londrina.<br \/>\nA escolha de Avar\u00e9 refor\u00e7a a inten\u00e7\u00e3o do grupo em fortalecer a presen\u00e7a da rede no sudoeste e centro-oeste paulista. Com um parque de transmiss\u00e3o instalado em Angatuba, a nova Nativa FM 101.1 j\u00e1 opera com alcance regional, cobrindo, al\u00e9m de Itapetininga, munic\u00edpios como **Avar\u00e9**, Tatu\u00ed e Itapeva. A futura afiliada na cidade promete ampliar ainda mais essa capilaridade, oferecendo conte\u00fado local e integrando a regi\u00e3o a uma rede de comunica\u00e7\u00e3o moderna e tecnol\u00f3gica.<\/p>\n<p>**Estrutura e inova\u00e7\u00e3o**<\/p>\n<p>A nova opera\u00e7\u00e3o em Itapetininga j\u00e1 sinaliza o padr\u00e3o que deve ser replicado nas futuras pra\u00e7as, incluindo Avar\u00e9. O est\u00fadio vitrine instalado no Itap\u00ea Shopping exemplifica a aposta em interatividade e proximidade com o p\u00fablico, permitindo transmiss\u00f5es especiais e a\u00e7\u00f5es promocionais em um espa\u00e7o aberto e din\u00e2mico.<br \/>\n\u201cA Nativa FM Sudoeste Paulista nasce grande, do tamanho que o Sudoeste Paulista merece\u201d, destacou a dire\u00e7\u00e3o durante o evento. A gest\u00e3o fica por conta de Wanderson Carlos, profissional com vasta experi\u00eancia na radiodifus\u00e3o regional, que comandar\u00e1 as opera\u00e7\u00f5es ao lado do empres\u00e1rio Beto Mendes, conhecido por sua atua\u00e7\u00e3o na produ\u00e7\u00e3o de grandes eventos e festivais.<br \/>\nCom a nova afiliada, a Nativa FM j\u00e1 conecta suas opera\u00e7\u00f5es em Sorocaba (96.5 FM), Campinas (89.3 FM), Bauru (91.5 FM) e Ourinhos (99.3 FM), fortalecendo uma rede que, desde o final de 2024, vive um processo acelerado de expans\u00e3o.<br \/>\nA expectativa do grupo \u00e9 que, em breve, Avar\u00e9 tamb\u00e9m passe a integrar esse mapa da comunica\u00e7\u00e3o regional, consolidando a presen\u00e7a da r\u00e1dio como um marco na hist\u00f3ria do interior do Brasil.<\/p>\n<p><img loading=\"lazy\" decoding=\"async\" src=\"https:\/\/sabuguinho.com.br\/site\/wp-content\/uploads\/2026\/03\/Screenshot_2-7-112x150.png\" alt=\"\" width=\"112\" height=\"150\" class=\"alignnone size-medium wp-image-43002\" srcset=\"https:\/\/sabuguinho.com.br\/site\/wp-content\/uploads\/2026\/03\/Screenshot_2-7-112x150.png 112w, https:\/\/sabuguinho.com.br\/site\/wp-content\/uploads\/2026\/03\/Screenshot_2-7-382x512.png 382w, https:\/\/sabuguinho.com.br\/site\/wp-content\/uploads\/2026\/03\/Screenshot_2-7.png 430w\" sizes=\"(max-width: 112px) 100vw, 112px\" \/><\/p>\n<p><img loading=\"lazy\" decoding=\"async\" src=\"https:\/\/sabuguinho.com.br\/site\/wp-content\/uploads\/2026\/03\/Screenshot_1-10-150x101.png\" alt=\"\" width=\"150\" height=\"101\" class=\"alignnone size-medium wp-image-43003\" srcset=\"https:\/\/sabuguinho.com.br\/site\/wp-content\/uploads\/2026\/03\/Screenshot_1-10-150x101.png 150w, https:\/\/sabuguinho.com.br\/site\/wp-content\/uploads\/2026\/03\/Screenshot_1-10-512x344.png 512w, https:\/\/sabuguinho.com.br\/site\/wp-content\/uploads\/2026\/03\/Screenshot_1-10.png 672w\" sizes=\"(max-width: 150px) 100vw, 150px\" \/><\/p>\n","protected":false},"excerpt":{"rendered":"<p>A Rede Nativa FM deu um passo significativo em seu plano de consolida\u00e7\u00e3o no interior paulista com a inaugura\u00e7\u00e3o oficial da Nativa FM 101.1 em Itapetininga, ocorrida na quinta-feira (19). O evento, realizado no Itap\u00ea Shopping, marcou a estreia da emissora que j\u00e1 nasce com o status de classe especial \u2014 a maior cobertura autorizada [&hellip;]<\/p>\n","protected":false},"author":2,"featured_media":43005,"comment_status":"open","ping_status":"open","sticky":false,"template":"","format":"standard","meta":{"footnotes":""},"categories":[51],"tags":[],"_links":{"self":[{"href":"https:\/\/sabuguinho.com.br\/site\/wp-json\/wp\/v2\/posts\/43001"}],"collection":[{"href":"https:\/\/sabuguinho.com.br\/site\/wp-json\/wp\/v2\/posts"}],"about":[{"href":"https:\/\/sabuguinho.com.br\/site\/wp-json\/wp\/v2\/types\/post"}],"author":[{"embeddable":true,"href":"https:\/\/sabuguinho.com.br\/site\/wp-json\/wp\/v2\/users\/2"}],"replies":[{"embeddable":true,"href":"https:\/\/sabuguinho.com.br\/site\/wp-json\/wp\/v2\/comments?post=43001"}],"version-history":[{"count":1,"href":"https:\/\/sabuguinho.com.br\/site\/wp-json\/wp\/v2\/posts\/43001\/revisions"}],"predecessor-version":[{"id":43006,"href":"https:\/\/sabuguinho.com.br\/site\/wp-json\/wp\/v2\/posts\/43001\/revisions\/43006"}],"wp:featuredmedia":[{"embeddable":true,"href":"https:\/\/sabuguinho.com.br\/site\/wp-json\/wp\/v2\/media\/43005"}],"wp:attachment":[{"href":"https:\/\/sabuguinho.com.br\/site\/wp-json\/wp\/v2\/media?parent=43001"}],"wp:term":[{"taxonomy":"category","embeddable":true,"href":"https:\/\/sabuguinho.com.br\/site\/wp-json\/wp\/v2\/categories?post=43001"},{"taxonomy":"post_tag","embeddable":true,"href":"https:\/\/sabuguinho.com.br\/site\/wp-json\/wp\/v2\/tags?post=43001"}],"curies":[{"name":"wp","href":"https:\/\/api.w.org\/{rel}","templated":true}]}}