{"id":42929,"date":"2026-03-19T09:27:36","date_gmt":"2026-03-19T12:27:36","guid":{"rendered":"https:\/\/sabuguinho.com.br\/site\/?p=42929"},"modified":"2026-03-19T09:27:36","modified_gmt":"2026-03-19T12:27:36","slug":"marco-lilas-promove-saude-prevencao-e-cuidado-para-mulheres-do-brasil-novo","status":"publish","type":"post","link":"https:\/\/sabuguinho.com.br\/site\/marco-lilas-promove-saude-prevencao-e-cuidado-para-mulheres-do-brasil-novo\/","title":{"rendered":"*Mar\u00e7o Lil\u00e1s\u201d promove sa\u00fade, preven\u00e7\u00e3o e cuidado para mulheres do Brasil Novo"},"content":{"rendered":"<p>Evento re\u00fane servi\u00e7os gratuitos, exames e orienta\u00e7\u00f5es voltadas \u00e0 sa\u00fade feminina em a\u00e7\u00e3o especial no dia 21 de mar\u00e7o<\/p>\n<p>A sa\u00fade da mulher ser\u00e1 o centro das aten\u00e7\u00f5es em Avar\u00e9 com a realiza\u00e7\u00e3o do evento \u201cMar\u00e7o Lil\u00e1s\u201d, uma a\u00e7\u00e3o especial da Secretaria de Sa\u00fade voltada ao cuidado, preven\u00e7\u00e3o e bem-estar feminino. Mais uma iniciativa acontece no s\u00e1bado, dia 21 de mar\u00e7o, das 8h \u00e0s 14h, no ESF Brasil Novo, reunindo uma s\u00e9rie de atendimentos gratuitos e atividades de conscientiza\u00e7\u00e3o.<br \/>\nDurante o evento, as participantes ter\u00e3o acesso a servi\u00e7os importantes de sa\u00fade, como coleta de exame papanicolau (das 8h \u00e0s 11h), avalia\u00e7\u00e3o odontol\u00f3gica no mesmo per\u00edodo, al\u00e9m de testes r\u00e1pidos para HIV e s\u00edfilis, dispon\u00edveis a partir das 11h. Tamb\u00e9m ser\u00e3o oferecidas aferi\u00e7\u00e3o de press\u00e3o arterial e teste de glicemia (HGT), ampliando o cuidado integral com a sa\u00fade.<br \/>\nA programa\u00e7\u00e3o inclui ainda a\u00e7\u00f5es voltadas \u00e0 comunidade, como distribui\u00e7\u00e3o de roupas usadas para quem desejar, aplica\u00e7\u00e3o de fl\u00faor em crian\u00e7as a partir das 11h, sorteio de brindes e uma palestra com o tema \u201cA import\u00e2ncia do exame papanicolau\u201d, refor\u00e7ando a conscientiza\u00e7\u00e3o sobre a preven\u00e7\u00e3o do c\u00e2ncer do colo do \u00fatero.<br \/>\nO evento ser\u00e1 realizado na Rua Benedito Ailton Camilo de Souza, 212, no ESF Brasil Novo, e \u00e9 destinado especialmente \u00e0s mulheres daquela regi\u00e3o. A iniciativa destaca a import\u00e2ncia do acesso \u00e0 informa\u00e7\u00e3o e aos servi\u00e7os de sa\u00fade, incentivando o autocuidado e a preven\u00e7\u00e3o como caminhos essenciais para uma melhor qualidade de vida.<\/p>\n","protected":false},"excerpt":{"rendered":"<p>Evento re\u00fane servi\u00e7os gratuitos, exames e orienta\u00e7\u00f5es voltadas \u00e0 sa\u00fade feminina em a\u00e7\u00e3o especial no dia 21 de mar\u00e7o A sa\u00fade da mulher ser\u00e1 o centro das aten\u00e7\u00f5es em Avar\u00e9 com a realiza\u00e7\u00e3o do evento \u201cMar\u00e7o Lil\u00e1s\u201d, uma a\u00e7\u00e3o especial da Secretaria de Sa\u00fade voltada ao cuidado, preven\u00e7\u00e3o e bem-estar feminino. Mais uma iniciativa acontece [&hellip;]<\/p>\n","protected":false},"author":2,"featured_media":42931,"comment_status":"open","ping_status":"open","sticky":false,"template":"","format":"standard","meta":{"footnotes":""},"categories":[58],"tags":[],"_links":{"self":[{"href":"https:\/\/sabuguinho.com.br\/site\/wp-json\/wp\/v2\/posts\/42929"}],"collection":[{"href":"https:\/\/sabuguinho.com.br\/site\/wp-json\/wp\/v2\/posts"}],"about":[{"href":"https:\/\/sabuguinho.com.br\/site\/wp-json\/wp\/v2\/types\/post"}],"author":[{"embeddable":true,"href":"https:\/\/sabuguinho.com.br\/site\/wp-json\/wp\/v2\/users\/2"}],"replies":[{"embeddable":true,"href":"https:\/\/sabuguinho.com.br\/site\/wp-json\/wp\/v2\/comments?post=42929"}],"version-history":[{"count":1,"href":"https:\/\/sabuguinho.com.br\/site\/wp-json\/wp\/v2\/posts\/42929\/revisions"}],"predecessor-version":[{"id":42932,"href":"https:\/\/sabuguinho.com.br\/site\/wp-json\/wp\/v2\/posts\/42929\/revisions\/42932"}],"wp:featuredmedia":[{"embeddable":true,"href":"https:\/\/sabuguinho.com.br\/site\/wp-json\/wp\/v2\/media\/42931"}],"wp:attachment":[{"href":"https:\/\/sabuguinho.com.br\/site\/wp-json\/wp\/v2\/media?parent=42929"}],"wp:term":[{"taxonomy":"category","embeddable":true,"href":"https:\/\/sabuguinho.com.br\/site\/wp-json\/wp\/v2\/categories?post=42929"},{"taxonomy":"post_tag","embeddable":true,"href":"https:\/\/sabuguinho.com.br\/site\/wp-json\/wp\/v2\/tags?post=42929"}],"curies":[{"name":"wp","href":"https:\/\/api.w.org\/{rel}","templated":true}]}}