{"id":42917,"date":"2026-03-18T17:07:16","date_gmt":"2026-03-18T20:07:16","guid":{"rendered":"https:\/\/sabuguinho.com.br\/site\/?p=42917"},"modified":"2026-03-18T17:07:16","modified_gmt":"2026-03-18T20:07:16","slug":"avare-se-destaca-em-ranking-estadual-e-amplia-oportunidades-para-microempreendedores","status":"publish","type":"post","link":"https:\/\/sabuguinho.com.br\/site\/avare-se-destaca-em-ranking-estadual-e-amplia-oportunidades-para-microempreendedores\/","title":{"rendered":"Avar\u00e9 se destaca em ranking estadual e amplia oportunidades para microempreendedores"},"content":{"rendered":"<p>legenda: Est\u00e2ncia Tur\u00edstica est\u00e1 entre os 219 munic\u00edpios melhor posicionados, o que fortalece a competitividade local e abre portas para capacita\u00e7\u00f5es e acesso a cr\u00e9dito<br \/>\nFonte da Foto: Assessoria<\/p>\n<p>O Pr\u00eamio Sebrae Prefeitura Empreendedora (PSPE) \u00e9 um instrumento de reconhecimento, valoriza\u00e7\u00e3o e difus\u00e3o de iniciativas inovadoras, protagonizadas por governos municipais, com vistas \u00e0 melhoria do ambiente de neg\u00f3cios, ao fomento do empreendedorismo e ao desenvolvimento territorial.<br \/>\nEm um cen\u00e1rio de crescente busca por desenvolvimento econ\u00f4mico e fortalecimento do empreendedorismo, Avar\u00e9 conquistou um importante reconhecimento ao figurar entre 219 cidades classificadas em um ranking que avaliou os 645 munic\u00edpios.<br \/>\nO resultado coloca o munic\u00edpio em uma posi\u00e7\u00e3o estrat\u00e9gica e mais competitiva, refletindo o avan\u00e7o de pol\u00edticas p\u00fablicas voltadas ao incentivo ao empreendedorismo, \u00e0 desburocratiza\u00e7\u00e3o e ao fortalecimento da economia local.<br \/>\n\u201cEstar entre os munic\u00edpios bem avaliados n\u00e3o representa apenas um t\u00edtulo simb\u00f3lico, mas tamb\u00e9m traz impactos concretos\u201d, avaliou o secret\u00e1rio de Ind\u00fastria e Com\u00e9rcio, Ricardinho Oliveira. A classifica\u00e7\u00e3o possibilita a amplia\u00e7\u00e3o de programas de capacita\u00e7\u00e3o profissional, al\u00e9m de facilitar o acesso a linhas de cr\u00e9dito destinadas aos microempreendedores locais, que s\u00e3o pe\u00e7as fundamentais na gera\u00e7\u00e3o de emprego e renda.<br \/>\nDe acordo com Ricardinho, rankings como este funcionam como indicadores da qualidade do ambiente de neg\u00f3cios, considerando fatores como apoio ao empreendedor, infraestrutura, gest\u00e3o p\u00fablica e incentivo \u00e0 inova\u00e7\u00e3o.<br \/>\nCom essa conquista, Avar\u00e9 se posiciona de forma ainda mais atrativa para novos investimentos e reafirma seu compromisso com o desenvolvimento sustent\u00e1vel e o fortalecimento dos pequenos neg\u00f3cios.<br \/>\nA expectativa \u00e9 de que, com mais capacita\u00e7\u00f5es e acesso facilitado a cr\u00e9dito, os empreendedores locais possam expandir suas atividades, impulsionando a economia e promovendo mais oportunidades para toda a popula\u00e7\u00e3o.<\/p>\n<p><img loading=\"lazy\" decoding=\"async\" src=\"https:\/\/sabuguinho.com.br\/site\/wp-content\/uploads\/2026\/03\/IMG-20260318-WA0082-113x150.jpg\" alt=\"\" width=\"113\" height=\"150\" class=\"alignnone size-medium wp-image-42919\" srcset=\"https:\/\/sabuguinho.com.br\/site\/wp-content\/uploads\/2026\/03\/IMG-20260318-WA0082-113x150.jpg 113w, https:\/\/sabuguinho.com.br\/site\/wp-content\/uploads\/2026\/03\/IMG-20260318-WA0082-384x512.jpg 384w, https:\/\/sabuguinho.com.br\/site\/wp-content\/uploads\/2026\/03\/IMG-20260318-WA0082-768x1024.jpg 768w, https:\/\/sabuguinho.com.br\/site\/wp-content\/uploads\/2026\/03\/IMG-20260318-WA0082-1152x1536.jpg 1152w, https:\/\/sabuguinho.com.br\/site\/wp-content\/uploads\/2026\/03\/IMG-20260318-WA0082-750x1000.jpg 750w, https:\/\/sabuguinho.com.br\/site\/wp-content\/uploads\/2026\/03\/IMG-20260318-WA0082-1140x1520.jpg 1140w, https:\/\/sabuguinho.com.br\/site\/wp-content\/uploads\/2026\/03\/IMG-20260318-WA0082.jpg 1200w\" sizes=\"(max-width: 113px) 100vw, 113px\" \/><\/p>\n<p><img loading=\"lazy\" decoding=\"async\" src=\"https:\/\/sabuguinho.com.br\/site\/wp-content\/uploads\/2026\/03\/IMG-20260318-WA0083-150x113.jpg\" alt=\"\" width=\"150\" height=\"113\" class=\"alignnone size-medium wp-image-42918\" srcset=\"https:\/\/sabuguinho.com.br\/site\/wp-content\/uploads\/2026\/03\/IMG-20260318-WA0083-150x113.jpg 150w, https:\/\/sabuguinho.com.br\/site\/wp-content\/uploads\/2026\/03\/IMG-20260318-WA0083-512x384.jpg 512w, https:\/\/sabuguinho.com.br\/site\/wp-content\/uploads\/2026\/03\/IMG-20260318-WA0083-768x576.jpg 768w, https:\/\/sabuguinho.com.br\/site\/wp-content\/uploads\/2026\/03\/IMG-20260318-WA0083-1536x1152.jpg 1536w, https:\/\/sabuguinho.com.br\/site\/wp-content\/uploads\/2026\/03\/IMG-20260318-WA0083-750x563.jpg 750w, https:\/\/sabuguinho.com.br\/site\/wp-content\/uploads\/2026\/03\/IMG-20260318-WA0083-1140x855.jpg 1140w, https:\/\/sabuguinho.com.br\/site\/wp-content\/uploads\/2026\/03\/IMG-20260318-WA0083.jpg 1600w\" sizes=\"(max-width: 150px) 100vw, 150px\" \/><\/p>\n","protected":false},"excerpt":{"rendered":"<p>legenda: Est\u00e2ncia Tur\u00edstica est\u00e1 entre os 219 munic\u00edpios melhor posicionados, o que fortalece a competitividade local e abre portas para capacita\u00e7\u00f5es e acesso a cr\u00e9dito Fonte da Foto: Assessoria O Pr\u00eamio Sebrae Prefeitura Empreendedora (PSPE) \u00e9 um instrumento de reconhecimento, valoriza\u00e7\u00e3o e difus\u00e3o de iniciativas inovadoras, protagonizadas por governos municipais, com vistas \u00e0 melhoria do [&hellip;]<\/p>\n","protected":false},"author":2,"featured_media":42921,"comment_status":"open","ping_status":"open","sticky":false,"template":"","format":"standard","meta":{"footnotes":""},"categories":[58],"tags":[],"_links":{"self":[{"href":"https:\/\/sabuguinho.com.br\/site\/wp-json\/wp\/v2\/posts\/42917"}],"collection":[{"href":"https:\/\/sabuguinho.com.br\/site\/wp-json\/wp\/v2\/posts"}],"about":[{"href":"https:\/\/sabuguinho.com.br\/site\/wp-json\/wp\/v2\/types\/post"}],"author":[{"embeddable":true,"href":"https:\/\/sabuguinho.com.br\/site\/wp-json\/wp\/v2\/users\/2"}],"replies":[{"embeddable":true,"href":"https:\/\/sabuguinho.com.br\/site\/wp-json\/wp\/v2\/comments?post=42917"}],"version-history":[{"count":1,"href":"https:\/\/sabuguinho.com.br\/site\/wp-json\/wp\/v2\/posts\/42917\/revisions"}],"predecessor-version":[{"id":42922,"href":"https:\/\/sabuguinho.com.br\/site\/wp-json\/wp\/v2\/posts\/42917\/revisions\/42922"}],"wp:featuredmedia":[{"embeddable":true,"href":"https:\/\/sabuguinho.com.br\/site\/wp-json\/wp\/v2\/media\/42921"}],"wp:attachment":[{"href":"https:\/\/sabuguinho.com.br\/site\/wp-json\/wp\/v2\/media?parent=42917"}],"wp:term":[{"taxonomy":"category","embeddable":true,"href":"https:\/\/sabuguinho.com.br\/site\/wp-json\/wp\/v2\/categories?post=42917"},{"taxonomy":"post_tag","embeddable":true,"href":"https:\/\/sabuguinho.com.br\/site\/wp-json\/wp\/v2\/tags?post=42917"}],"curies":[{"name":"wp","href":"https:\/\/api.w.org\/{rel}","templated":true}]}}