{"id":42901,"date":"2026-03-18T12:30:04","date_gmt":"2026-03-18T15:30:04","guid":{"rendered":"https:\/\/sabuguinho.com.br\/site\/?p=42901"},"modified":"2026-03-18T12:30:04","modified_gmt":"2026-03-18T15:30:04","slug":"atletas-de-avare-brilham-em-duathlon-realizado-em-capao-bonito","status":"publish","type":"post","link":"https:\/\/sabuguinho.com.br\/site\/atletas-de-avare-brilham-em-duathlon-realizado-em-capao-bonito\/","title":{"rendered":"*Atletas de Avar\u00e9 brilham em Duathlon realizado em Cap\u00e3o Bonito*"},"content":{"rendered":"<p>Dupla de pai e filho conquista p\u00f3dio em prova desafiadora com apoio da Secretaria de Esportes_<\/p>\n<p>Mesmo longe de casa, o esp\u00edrito esportivo de Avar\u00e9 falou mais alto e cruzou a linha de chegada com for\u00e7a e emo\u00e7\u00e3o. Em Cap\u00e3o Bonito, no dia 15 de mar\u00e7o de 2026, uma dupla de pai e filho mostrou garra, sintonia e supera\u00e7\u00e3o para levar o nome do munic\u00edpio ao p\u00f3dio. Em uma prova exigente e repleta de desafios, os atletas avareenses conquistaram o 3\u00ba lugar na classifica\u00e7\u00e3o geral e o 2\u00ba lugar na categoria dupla, reafirmando o talento e a tradi\u00e7\u00e3o esportiva da cidade.<br \/>\nA competi\u00e7\u00e3o exigiu preparo f\u00edsico e resist\u00eancia, com um percurso composto por 2,5 km de corrida, 20 km de ciclismo e mais 2,5 km de corrida. Representando Avar\u00e9, a dupla mostrou entrosamento, supera\u00e7\u00e3o e excelente desempenho ao longo de toda a prova.<br \/>\nA trajet\u00f3ria no esporte tamb\u00e9m carrega uma inspira\u00e7\u00e3o familiar. O jovem atleta iniciou no ciclismo ao lado do tio, Henrique Paix\u00e3o, que j\u00e1 foi campe\u00e3o mundial, refor\u00e7ando o legado esportivo dentro da fam\u00edlia. A participa\u00e7\u00e3o contou com apoio da Prefeitura da Est\u00e2ncia Tur\u00edstica de Avar\u00e9, por meio da Secretaria de Esportes, que segue incentivando atletas locais a representarem o munic\u00edpio em competi\u00e7\u00f5es regionais e nacionais.<br \/>\nO resultado refor\u00e7a o potencial esportivo de Avar\u00e9 e evidencia como o incentivo ao esporte pode transformar hist\u00f3rias, unir fam\u00edlias e levar o nome da cidade cada vez mais longe.<\/p>\n<p><img loading=\"lazy\" decoding=\"async\" src=\"https:\/\/sabuguinho.com.br\/site\/wp-content\/uploads\/2026\/03\/IMG-20260318-WA0060-150x113.jpg\" alt=\"\" width=\"150\" height=\"113\" class=\"alignnone size-medium wp-image-42902\" srcset=\"https:\/\/sabuguinho.com.br\/site\/wp-content\/uploads\/2026\/03\/IMG-20260318-WA0060-150x113.jpg 150w, https:\/\/sabuguinho.com.br\/site\/wp-content\/uploads\/2026\/03\/IMG-20260318-WA0060-512x385.jpg 512w, https:\/\/sabuguinho.com.br\/site\/wp-content\/uploads\/2026\/03\/IMG-20260318-WA0060-768x578.jpg 768w, https:\/\/sabuguinho.com.br\/site\/wp-content\/uploads\/2026\/03\/IMG-20260318-WA0060-750x564.jpg 750w, https:\/\/sabuguinho.com.br\/site\/wp-content\/uploads\/2026\/03\/IMG-20260318-WA0060-1140x858.jpg 1140w, https:\/\/sabuguinho.com.br\/site\/wp-content\/uploads\/2026\/03\/IMG-20260318-WA0060.jpg 1280w\" sizes=\"(max-width: 150px) 100vw, 150px\" \/><\/p>\n<p><img loading=\"lazy\" decoding=\"async\" src=\"https:\/\/sabuguinho.com.br\/site\/wp-content\/uploads\/2026\/03\/IMG-20260318-WA0061-84x150.jpg\" alt=\"\" width=\"84\" height=\"150\" class=\"alignnone size-medium wp-image-42903\" srcset=\"https:\/\/sabuguinho.com.br\/site\/wp-content\/uploads\/2026\/03\/IMG-20260318-WA0061-84x150.jpg 84w, https:\/\/sabuguinho.com.br\/site\/wp-content\/uploads\/2026\/03\/IMG-20260318-WA0061-288x512.jpg 288w, https:\/\/sabuguinho.com.br\/site\/wp-content\/uploads\/2026\/03\/IMG-20260318-WA0061.jpg 720w\" sizes=\"(max-width: 84px) 100vw, 84px\" \/><\/p>\n","protected":false},"excerpt":{"rendered":"<p>Dupla de pai e filho conquista p\u00f3dio em prova desafiadora com apoio da Secretaria de Esportes_ Mesmo longe de casa, o esp\u00edrito esportivo de Avar\u00e9 falou mais alto e cruzou a linha de chegada com for\u00e7a e emo\u00e7\u00e3o. Em Cap\u00e3o Bonito, no dia 15 de mar\u00e7o de 2026, uma dupla de pai e filho mostrou [&hellip;]<\/p>\n","protected":false},"author":2,"featured_media":42904,"comment_status":"open","ping_status":"open","sticky":false,"template":"","format":"standard","meta":{"footnotes":""},"categories":[45],"tags":[],"_links":{"self":[{"href":"https:\/\/sabuguinho.com.br\/site\/wp-json\/wp\/v2\/posts\/42901"}],"collection":[{"href":"https:\/\/sabuguinho.com.br\/site\/wp-json\/wp\/v2\/posts"}],"about":[{"href":"https:\/\/sabuguinho.com.br\/site\/wp-json\/wp\/v2\/types\/post"}],"author":[{"embeddable":true,"href":"https:\/\/sabuguinho.com.br\/site\/wp-json\/wp\/v2\/users\/2"}],"replies":[{"embeddable":true,"href":"https:\/\/sabuguinho.com.br\/site\/wp-json\/wp\/v2\/comments?post=42901"}],"version-history":[{"count":1,"href":"https:\/\/sabuguinho.com.br\/site\/wp-json\/wp\/v2\/posts\/42901\/revisions"}],"predecessor-version":[{"id":42905,"href":"https:\/\/sabuguinho.com.br\/site\/wp-json\/wp\/v2\/posts\/42901\/revisions\/42905"}],"wp:featuredmedia":[{"embeddable":true,"href":"https:\/\/sabuguinho.com.br\/site\/wp-json\/wp\/v2\/media\/42904"}],"wp:attachment":[{"href":"https:\/\/sabuguinho.com.br\/site\/wp-json\/wp\/v2\/media?parent=42901"}],"wp:term":[{"taxonomy":"category","embeddable":true,"href":"https:\/\/sabuguinho.com.br\/site\/wp-json\/wp\/v2\/categories?post=42901"},{"taxonomy":"post_tag","embeddable":true,"href":"https:\/\/sabuguinho.com.br\/site\/wp-json\/wp\/v2\/tags?post=42901"}],"curies":[{"name":"wp","href":"https:\/\/api.w.org\/{rel}","templated":true}]}}