{"id":42584,"date":"2026-03-11T12:44:14","date_gmt":"2026-03-11T15:44:14","guid":{"rendered":"https:\/\/sabuguinho.com.br\/site\/?p=42584"},"modified":"2026-03-11T12:44:14","modified_gmt":"2026-03-11T15:44:14","slug":"homem-e-preso-suspeito-de-armazenar-material-de-abuso-sexual-infantojuvenil-em-avare","status":"publish","type":"post","link":"https:\/\/sabuguinho.com.br\/site\/homem-e-preso-suspeito-de-armazenar-material-de-abuso-sexual-infantojuvenil-em-avare\/","title":{"rendered":"Homem \u00e9 preso suspeito de armazenar material de abuso sexual infantojuvenil em Avar\u00e9"},"content":{"rendered":"<p>legenda: Opera\u00e7\u00e3o da PF cumpriu mandado de busca e apreens\u00e3o na ter\u00e7a-feira (10). Investigado foi preso e conduzido at\u00e9 a delegacia em Bauru.<\/p>\n<p>Fonte da Foto: Internet Ilustrativa<\/p>\n<p>Um homem foi preso suspeito de armazenar e compartilhar conte\u00fado de abuso sexual infantojuvenil e de fazer apologia ao nazismo durante uma opera\u00e7\u00e3o da Pol\u00edcia Federal realizada na ter\u00e7a-feira (10), em Avar\u00e9 (SP).<br \/>\nDe acordo com a Pol\u00edcia Federal, a equipe cumpriu um mandado de busca e apreens\u00e3o durante a \u201cOpera\u00e7\u00e3o Cruzador\u201d, com o objetivo de impedir a produ\u00e7\u00e3o, o compartilhamento e a posse de fotos e v\u00eddeos com conte\u00fado de abuso sexual infantojuvenil, bem como a pr\u00e1tica de racismo por meio da apologia ao nazismo.<br \/>\nDurante a a\u00e7\u00e3o, um suspeito foi encontrado com o material armazenado em dispositivos eletr\u00f4nicos e outros diversos materiais de apologia ao nazismo.<br \/>\nOs dispositivos e equipamentos foram apreendidos e devem passar por per\u00edcia para confirmar as evid\u00eancias obtidas e dar continuidade \u00e0s investiga\u00e7\u00f5es. O investigado foi encaminhado \u00e0 Delegacia da Pol\u00edcia Federal em Bauru (SP) e ficou \u00e0 disposi\u00e7\u00e3o da Justi\u00e7a.<\/p>\n","protected":false},"excerpt":{"rendered":"<p>legenda: Opera\u00e7\u00e3o da PF cumpriu mandado de busca e apreens\u00e3o na ter\u00e7a-feira (10). Investigado foi preso e conduzido at\u00e9 a delegacia em Bauru. Fonte da Foto: Internet Ilustrativa Um homem foi preso suspeito de armazenar e compartilhar conte\u00fado de abuso sexual infantojuvenil e de fazer apologia ao nazismo durante uma opera\u00e7\u00e3o da Pol\u00edcia Federal realizada [&hellip;]<\/p>\n","protected":false},"author":2,"featured_media":42585,"comment_status":"open","ping_status":"open","sticky":false,"template":"","format":"standard","meta":{"footnotes":""},"categories":[100],"tags":[],"_links":{"self":[{"href":"https:\/\/sabuguinho.com.br\/site\/wp-json\/wp\/v2\/posts\/42584"}],"collection":[{"href":"https:\/\/sabuguinho.com.br\/site\/wp-json\/wp\/v2\/posts"}],"about":[{"href":"https:\/\/sabuguinho.com.br\/site\/wp-json\/wp\/v2\/types\/post"}],"author":[{"embeddable":true,"href":"https:\/\/sabuguinho.com.br\/site\/wp-json\/wp\/v2\/users\/2"}],"replies":[{"embeddable":true,"href":"https:\/\/sabuguinho.com.br\/site\/wp-json\/wp\/v2\/comments?post=42584"}],"version-history":[{"count":1,"href":"https:\/\/sabuguinho.com.br\/site\/wp-json\/wp\/v2\/posts\/42584\/revisions"}],"predecessor-version":[{"id":42586,"href":"https:\/\/sabuguinho.com.br\/site\/wp-json\/wp\/v2\/posts\/42584\/revisions\/42586"}],"wp:featuredmedia":[{"embeddable":true,"href":"https:\/\/sabuguinho.com.br\/site\/wp-json\/wp\/v2\/media\/42585"}],"wp:attachment":[{"href":"https:\/\/sabuguinho.com.br\/site\/wp-json\/wp\/v2\/media?parent=42584"}],"wp:term":[{"taxonomy":"category","embeddable":true,"href":"https:\/\/sabuguinho.com.br\/site\/wp-json\/wp\/v2\/categories?post=42584"},{"taxonomy":"post_tag","embeddable":true,"href":"https:\/\/sabuguinho.com.br\/site\/wp-json\/wp\/v2\/tags?post=42584"}],"curies":[{"name":"wp","href":"https:\/\/api.w.org\/{rel}","templated":true}]}}