{"id":42566,"date":"2026-03-11T10:36:42","date_gmt":"2026-03-11T13:36:42","guid":{"rendered":"https:\/\/sabuguinho.com.br\/site\/?p=42566"},"modified":"2026-03-11T10:36:42","modified_gmt":"2026-03-11T13:36:42","slug":"53o-bpm-i-parabeniza-associacao-dos-cabos-e-soldados-em-avare-por-seus-30-anos","status":"publish","type":"post","link":"https:\/\/sabuguinho.com.br\/site\/53o-bpm-i-parabeniza-associacao-dos-cabos-e-soldados-em-avare-por-seus-30-anos\/","title":{"rendered":"53\u00ba BPM\/I PARABENIZA ASSOCIA\u00c7\u00c3O DOS CABOS E SOLDADOS EM AVAR\u00c9 POR SEUS 30 ANOS"},"content":{"rendered":"<p>Nessa segunda-feira (09\/03), o Comandante do 53\u00ba BPM\/I, Tenente-Coronel PM Salom\u00e3o, esteve presente na Associa\u00e7\u00e3o dos Cabos e Soldados de Avar\u00e9 em raz\u00e3o da comemora\u00e7\u00e3o dos 30 anos de funda\u00e7\u00e3o do n\u00facleo no munic\u00edpio. Durante a visita institucional, o Comandante foi recebido pela presidente da ACS Regional de Botucatu, Raquel, e pelo representante do N\u00facleo de Avar\u00e9, Diniz. O evento celebrou tr\u00eas d\u00e9cadas de hist\u00f3ria e parceria, refor\u00e7ando a import\u00e2ncia da uni\u00e3o e do suporte aos policiais militares que atuam na regi\u00e3o. A recep\u00e7\u00e3o estreita os la\u00e7os entre o Comando da Unidade e as entidades representativas, valorizando o trabalho realizado em prol da fam\u00edlia policial militar.<\/p>\n<p>Pol\u00edcia Militar, rumo aos 200 anos.<br \/>\nProtegendo vidas, garantindo a lei e promovendo a paz.<br \/>\nComunica\u00e7\u00e3o Social 53\u00ba BPM\/I<\/p>\n<p>#policiamilitar #avare #acs #pmesp #valoriza\u00e7\u00e3o #seguran\u00e7ap\u00fablica #comemora\u00e7\u00e3o<\/p>\n","protected":false},"excerpt":{"rendered":"<p>Nessa segunda-feira (09\/03), o Comandante do 53\u00ba BPM\/I, Tenente-Coronel PM Salom\u00e3o, esteve presente na Associa\u00e7\u00e3o dos Cabos e Soldados de Avar\u00e9 em raz\u00e3o da comemora\u00e7\u00e3o dos 30 anos de funda\u00e7\u00e3o do n\u00facleo no munic\u00edpio. Durante a visita institucional, o Comandante foi recebido pela presidente da ACS Regional de Botucatu, Raquel, e pelo representante do N\u00facleo [&hellip;]<\/p>\n","protected":false},"author":2,"featured_media":42567,"comment_status":"open","ping_status":"open","sticky":false,"template":"","format":"standard","meta":{"footnotes":""},"categories":[86],"tags":[],"_links":{"self":[{"href":"https:\/\/sabuguinho.com.br\/site\/wp-json\/wp\/v2\/posts\/42566"}],"collection":[{"href":"https:\/\/sabuguinho.com.br\/site\/wp-json\/wp\/v2\/posts"}],"about":[{"href":"https:\/\/sabuguinho.com.br\/site\/wp-json\/wp\/v2\/types\/post"}],"author":[{"embeddable":true,"href":"https:\/\/sabuguinho.com.br\/site\/wp-json\/wp\/v2\/users\/2"}],"replies":[{"embeddable":true,"href":"https:\/\/sabuguinho.com.br\/site\/wp-json\/wp\/v2\/comments?post=42566"}],"version-history":[{"count":1,"href":"https:\/\/sabuguinho.com.br\/site\/wp-json\/wp\/v2\/posts\/42566\/revisions"}],"predecessor-version":[{"id":42568,"href":"https:\/\/sabuguinho.com.br\/site\/wp-json\/wp\/v2\/posts\/42566\/revisions\/42568"}],"wp:featuredmedia":[{"embeddable":true,"href":"https:\/\/sabuguinho.com.br\/site\/wp-json\/wp\/v2\/media\/42567"}],"wp:attachment":[{"href":"https:\/\/sabuguinho.com.br\/site\/wp-json\/wp\/v2\/media?parent=42566"}],"wp:term":[{"taxonomy":"category","embeddable":true,"href":"https:\/\/sabuguinho.com.br\/site\/wp-json\/wp\/v2\/categories?post=42566"},{"taxonomy":"post_tag","embeddable":true,"href":"https:\/\/sabuguinho.com.br\/site\/wp-json\/wp\/v2\/tags?post=42566"}],"curies":[{"name":"wp","href":"https:\/\/api.w.org\/{rel}","templated":true}]}}