{"id":42545,"date":"2026-03-10T17:49:46","date_gmt":"2026-03-10T20:49:46","guid":{"rendered":"https:\/\/sabuguinho.com.br\/site\/?p=42545"},"modified":"2026-03-10T17:49:46","modified_gmt":"2026-03-10T20:49:46","slug":"roger-machado-e-o-novo-tecnico-do-sao-paulo","status":"publish","type":"post","link":"https:\/\/sabuguinho.com.br\/site\/roger-machado-e-o-novo-tecnico-do-sao-paulo\/","title":{"rendered":"Roger Machado \u00e9 o novo t\u00e9cnico do S\u00e3o Paulo"},"content":{"rendered":"<p>Treinador substitui Hern\u00e1n Crespo, demitido na segunda-feira, e assina contrato at\u00e9 dezembro. Expectativa \u00e9 de que j\u00e1 comande o time contra a Chapecoense na quinta-feira.<\/p>\n<p>Por Bruno Faria<\/p>\n<p>O S\u00e3o Paulo anunciou nesta ter\u00e7a-feira (10) a contrata\u00e7\u00e3o de Roger Machado como novo t\u00e9cnico da equipe. O treinador chega para substituir Hern\u00e1n Crespo, demitido no in\u00edcio da tarde de segunda-feira (9).<br \/>\nRoger Machado assinou contrato com o clube at\u00e9 dezembro deste ano. Ele j\u00e1 comanda a primeira atividade com o elenco no CT da Barra Funda nesta tarde e ser\u00e1 apresentado oficialmente em entrevista coletiva \u00e0s 17h30.<br \/>\nA expectativa do clube \u00e9 regularizar a documenta\u00e7\u00e3o do treinador a tempo de que ele j\u00e1 esteja \u00e0 beira do campo na pr\u00f3xima quinta-feira (12), quando o S\u00e3o Paulo enfrenta a Chapecoense, pelo Brasileir\u00e3o, \u00e0s 20h.<br \/>\nO \u00faltimo trabalho de Roger Machado foi no Internacional, onde esteve entre 2024 e 2025. No per\u00edodo, comandou a equipe em 73 partidas e conquistou 34 vit\u00f3rias.<\/p>\n<p>Legenda<br \/>\nRoger Machado, treinador de futebol \u2014 Foto: Ricardo Duarte \/ Internacional<\/p>\n","protected":false},"excerpt":{"rendered":"<p>Treinador substitui Hern\u00e1n Crespo, demitido na segunda-feira, e assina contrato at\u00e9 dezembro. Expectativa \u00e9 de que j\u00e1 comande o time contra a Chapecoense na quinta-feira. Por Bruno Faria O S\u00e3o Paulo anunciou nesta ter\u00e7a-feira (10) a contrata\u00e7\u00e3o de Roger Machado como novo t\u00e9cnico da equipe. O treinador chega para substituir Hern\u00e1n Crespo, demitido no in\u00edcio [&hellip;]<\/p>\n","protected":false},"author":2,"featured_media":42549,"comment_status":"open","ping_status":"open","sticky":false,"template":"","format":"standard","meta":{"footnotes":""},"categories":[45],"tags":[],"_links":{"self":[{"href":"https:\/\/sabuguinho.com.br\/site\/wp-json\/wp\/v2\/posts\/42545"}],"collection":[{"href":"https:\/\/sabuguinho.com.br\/site\/wp-json\/wp\/v2\/posts"}],"about":[{"href":"https:\/\/sabuguinho.com.br\/site\/wp-json\/wp\/v2\/types\/post"}],"author":[{"embeddable":true,"href":"https:\/\/sabuguinho.com.br\/site\/wp-json\/wp\/v2\/users\/2"}],"replies":[{"embeddable":true,"href":"https:\/\/sabuguinho.com.br\/site\/wp-json\/wp\/v2\/comments?post=42545"}],"version-history":[{"count":1,"href":"https:\/\/sabuguinho.com.br\/site\/wp-json\/wp\/v2\/posts\/42545\/revisions"}],"predecessor-version":[{"id":42550,"href":"https:\/\/sabuguinho.com.br\/site\/wp-json\/wp\/v2\/posts\/42545\/revisions\/42550"}],"wp:featuredmedia":[{"embeddable":true,"href":"https:\/\/sabuguinho.com.br\/site\/wp-json\/wp\/v2\/media\/42549"}],"wp:attachment":[{"href":"https:\/\/sabuguinho.com.br\/site\/wp-json\/wp\/v2\/media?parent=42545"}],"wp:term":[{"taxonomy":"category","embeddable":true,"href":"https:\/\/sabuguinho.com.br\/site\/wp-json\/wp\/v2\/categories?post=42545"},{"taxonomy":"post_tag","embeddable":true,"href":"https:\/\/sabuguinho.com.br\/site\/wp-json\/wp\/v2\/tags?post=42545"}],"curies":[{"name":"wp","href":"https:\/\/api.w.org\/{rel}","templated":true}]}}