{"id":42542,"date":"2026-03-10T16:27:24","date_gmt":"2026-03-10T19:27:24","guid":{"rendered":"https:\/\/sabuguinho.com.br\/site\/?p=42542"},"modified":"2026-03-10T16:27:24","modified_gmt":"2026-03-10T19:27:24","slug":"ifsp-avare-amplia-programacao-do-iii-simposio-da-inclusao-com-novas-atividades-voltadas-a-cidadania-e-participacao-das-familias","status":"publish","type":"post","link":"https:\/\/sabuguinho.com.br\/site\/ifsp-avare-amplia-programacao-do-iii-simposio-da-inclusao-com-novas-atividades-voltadas-a-cidadania-e-participacao-das-familias\/","title":{"rendered":"IFSP Avar\u00e9 amplia programa\u00e7\u00e3o do III Simp\u00f3sio da Inclus\u00e3o com novas atividades voltadas \u00e0 cidadania e participa\u00e7\u00e3o das fam\u00edlias"},"content":{"rendered":"<p>Evento re\u00fane palestras, oficinas, encontros e caminhada inclusiva entre os dias 16 e 21 de mar\u00e7o, fortalecendo o debate sobre acessibilidade, educa\u00e7\u00e3o e direitos das pessoas com defici\u00eancia_<\/p>\n<p>O Instituto Federal de S\u00e3o Paulo (IFSP), Campus Avar\u00e9, realiza entre os dias 16 e 21 de mar\u00e7o o III Simp\u00f3sio da Inclus\u00e3o, com o tema \u201cNada sobre n\u00f3s, sem n\u00f3s!\u201d, express\u00e3o internacional que refor\u00e7a a import\u00e2ncia da participa\u00e7\u00e3o ativa das pessoas com defici\u00eancia na constru\u00e7\u00e3o de pol\u00edticas, decis\u00f5es e pr\u00e1ticas voltadas \u00e0 inclus\u00e3o.<br \/>\nA iniciativa \u00e9 organizada pelo NAPNE &#8211; N\u00facleo de Apoio \u00e0s Pessoas com Necessidades Educacionais Espec\u00edficas, setor respons\u00e1vel por desenvolver a\u00e7\u00f5es de acolhimento, acessibilidade e inclus\u00e3o dentro da comunidade acad\u00eamica. O evento conta com organiza\u00e7\u00e3o do IFSP Campus Avar\u00e9, sob dire\u00e7\u00e3o do professor J\u00falio Cesar Pissuti Damalio, e busca ampliar o di\u00e1logo sobre educa\u00e7\u00e3o inclusiva, participa\u00e7\u00e3o social e valoriza\u00e7\u00e3o da diversidade.<br \/>\nA programa\u00e7\u00e3o re\u00fane atividades voltadas ao debate sobre pr\u00e1ticas pedag\u00f3gicas inclusivas, pol\u00edticas p\u00fablicas e experi\u00eancias de inclus\u00e3o, envolvendo estudantes, professores, pesquisadores, fam\u00edlias e membros da comunidade.<br \/>\nA abertura do simp\u00f3sio acontece no dia 16 de mar\u00e7o, \u00e0s 10 horas, em formato online. A atividade contar\u00e1 com a participa\u00e7\u00e3o da professora doutora Eliane Mahl, diretora geral do IF Baiano Campus Alagoinhas, que abordar\u00e1 o tema \u201cA inclus\u00e3o escolar nos Institutos Federais: pol\u00edticas p\u00fablicas versus pr\u00e1ticas institucionais\u201d. A media\u00e7\u00e3o ser\u00e1 realizada pela professora doutora Tarsila Frezza, docente e Diretora de Assuntos Educacionais do IFSP Campus Avar\u00e9.<br \/>\nNo dia 17 de mar\u00e7o, \u00e0s 19 horas, ser\u00e1 realizada na Biblioteca Linda Bimbi a oficina \u201cEduca\u00e7\u00e3o de surdos: estrat\u00e9gias para uma aprendizagem significativa\u201d, que abordar\u00e1 adapta\u00e7\u00f5es pedag\u00f3gicas voltadas aos estudantes surdos, destacando as especificidades lingu\u00edsticas, o papel do int\u00e9rprete de Libras e estrat\u00e9gias pr\u00e1ticas para ampliar o acesso ao conte\u00fado educacional. A oficina ser\u00e1 conduzida pelas int\u00e9rpretes de Libras Maria Joselaine Ferreira e Bruna R. Selmine de Almeida.<br \/>\nA programa\u00e7\u00e3o segue no dia 18 de mar\u00e7o, \u00e0s 19 horas, no Audit\u00f3rio Diogo de Sant\u2019Ana, com a palestra \u201cJuntos contra a solid\u00e3o: empatia, acolhimento e inclus\u00e3o\u201d, ministrada pela psicopedagoga Giovana Gusm\u00e3o. O encontro tamb\u00e9m contar\u00e1 com a participa\u00e7\u00e3o do jovem Danilo de Oliveira Cruz, que compartilhar\u00e1 suas viv\u00eancias relacionadas \u00e0 Trissomia 21 (S\u00edndrome de Down). A noite ser\u00e1 encerrada com uma apresenta\u00e7\u00e3o cultural do Coral de Libras \u201cM\u00e3os que Cantam\u201d e da cantora Vanessa Reis, promovendo um momento art\u00edstico de valoriza\u00e7\u00e3o da cultura inclusiva.<br \/>\nA programa\u00e7\u00e3o tamb\u00e9m inclui a atividade \u201cAvar\u00e9 Acess\u00edvel: Construindo uma cidade que respeita a diversidade e promove a cidadania plena\u201d, marcada para o dia 19 de mar\u00e7o, \u00e0s 10 horas, no Audit\u00f3rio Diogo D\u2019Santanna. O encontro prop\u00f5e fortalecer a articula\u00e7\u00e3o entre as redes municipal, estadual e federal, reunindo \u00e1reas como educa\u00e7\u00e3o, sa\u00fade, assist\u00eancia social, trabalho, com\u00e9rcio, turismo e lazer para discutir estrat\u00e9gias que garantam acesso equitativo a servi\u00e7os e oportunidades para pessoas com defici\u00eancia.<br \/>\nNo dia 20 de mar\u00e7o, \u00e0s 19 horas, o simp\u00f3sio promove o encontro \u201cEm fam\u00edlia: Mente em jogo\u201d, realizado no IFSP Campus Avar\u00e9 e voltado ao di\u00e1logo com pais e respons\u00e1veis.<br \/>\nA atividade apresentar\u00e1 como jogos de estrat\u00e9gia podem contribuir para o desenvolvimento cognitivo de jovens, estimulando habilidades como planejamento, tomada de decis\u00f5es e regula\u00e7\u00e3o emocional.<br \/>\nA atividade ser\u00e1 conduzida pela psicopedagoga Let\u00edcia Oliveira e pela especialista em Educa\u00e7\u00e3o Especial Luana Thalita.<br \/>\nAs atividades tamb\u00e9m contam com participa\u00e7\u00e3o de fam\u00edlias e entidades que atuam em defesa da inclus\u00e3o, como a Associa\u00e7\u00e3o FLUIR de Avar\u00e9, cujo nome representa Fam\u00edlias Ligadas Unidas pela Inclus\u00e3o e Reconhecimento.<br \/>\nCriada a partir da mobiliza\u00e7\u00e3o de pais e m\u00e3es de crian\u00e7as com Trissomia 21, a associa\u00e7\u00e3o surgiu em 2006, inicialmente com encontros mensais para troca de experi\u00eancias e estudos sobre a S\u00edndrome de Down. Atualmente a entidade possui CNPJ ativo, re\u00fane cerca de 20 fam\u00edlias cadastradas e segue promovendo a\u00e7\u00f5es educativas e mobiliza\u00e7\u00f5es voltadas \u00e0 inclus\u00e3o social.<br \/>\nEntre as integrantes da associa\u00e7\u00e3o est\u00e1 Marli Suzana Forteza, uma das fundadoras e representante do grupo junto a \u00f3rg\u00e3os p\u00fablicos, que segue mobilizando a comunidade em defesa dos direitos das pessoas com defici\u00eancia e na luta pela constru\u00e7\u00e3o de uma sede pr\u00f3pria para a entidade.<br \/>\nEncerrando a programa\u00e7\u00e3o, no dia 21 de mar\u00e7o, data em que \u00e9 celebrado o Dia Internacional da S\u00edndrome de Down, o IFSP Campus Avar\u00e9 participar\u00e1 da atividade \u201cFLUIR na Caminhada, nenhum a menos na inclus\u00e3o!\u201d, organizada pela Associa\u00e7\u00e3o FLUIR.<br \/>\nA concentra\u00e7\u00e3o ser\u00e1 \u00e0s 8h30 no Largo S\u00e3o Jo\u00e3o, reunindo participantes da comunidade para um momento de integra\u00e7\u00e3o e conscientiza\u00e7\u00e3o sobre inclus\u00e3o e diversidade. A caminhada contar\u00e1 ainda com apoio da Prefeitura, por meio da Secretaria Municipal de Direitos da Pessoa com Defici\u00eancia, refor\u00e7ando o compromisso do poder p\u00fablico com a\u00e7\u00f5es voltadas \u00e0 inclus\u00e3o e \u00e0 acessibilidade.<\/p>\n","protected":false},"excerpt":{"rendered":"<p>Evento re\u00fane palestras, oficinas, encontros e caminhada inclusiva entre os dias 16 e 21 de mar\u00e7o, fortalecendo o debate sobre acessibilidade, educa\u00e7\u00e3o e direitos das pessoas com defici\u00eancia_ O Instituto Federal de S\u00e3o Paulo (IFSP), Campus Avar\u00e9, realiza entre os dias 16 e 21 de mar\u00e7o o III Simp\u00f3sio da Inclus\u00e3o, com o tema \u201cNada [&hellip;]<\/p>\n","protected":false},"author":2,"featured_media":42543,"comment_status":"open","ping_status":"open","sticky":false,"template":"","format":"standard","meta":{"footnotes":""},"categories":[121],"tags":[],"_links":{"self":[{"href":"https:\/\/sabuguinho.com.br\/site\/wp-json\/wp\/v2\/posts\/42542"}],"collection":[{"href":"https:\/\/sabuguinho.com.br\/site\/wp-json\/wp\/v2\/posts"}],"about":[{"href":"https:\/\/sabuguinho.com.br\/site\/wp-json\/wp\/v2\/types\/post"}],"author":[{"embeddable":true,"href":"https:\/\/sabuguinho.com.br\/site\/wp-json\/wp\/v2\/users\/2"}],"replies":[{"embeddable":true,"href":"https:\/\/sabuguinho.com.br\/site\/wp-json\/wp\/v2\/comments?post=42542"}],"version-history":[{"count":1,"href":"https:\/\/sabuguinho.com.br\/site\/wp-json\/wp\/v2\/posts\/42542\/revisions"}],"predecessor-version":[{"id":42544,"href":"https:\/\/sabuguinho.com.br\/site\/wp-json\/wp\/v2\/posts\/42542\/revisions\/42544"}],"wp:featuredmedia":[{"embeddable":true,"href":"https:\/\/sabuguinho.com.br\/site\/wp-json\/wp\/v2\/media\/42543"}],"wp:attachment":[{"href":"https:\/\/sabuguinho.com.br\/site\/wp-json\/wp\/v2\/media?parent=42542"}],"wp:term":[{"taxonomy":"category","embeddable":true,"href":"https:\/\/sabuguinho.com.br\/site\/wp-json\/wp\/v2\/categories?post=42542"},{"taxonomy":"post_tag","embeddable":true,"href":"https:\/\/sabuguinho.com.br\/site\/wp-json\/wp\/v2\/tags?post=42542"}],"curies":[{"name":"wp","href":"https:\/\/api.w.org\/{rel}","templated":true}]}}