{"id":42383,"date":"2026-03-06T14:38:09","date_gmt":"2026-03-06T17:38:09","guid":{"rendered":"https:\/\/sabuguinho.com.br\/site\/?p=42383"},"modified":"2026-03-06T14:38:09","modified_gmt":"2026-03-06T17:38:09","slug":"ponte-carvalho-pinto-entre-avare-e-itai-ganhara-sistema-eletrico-regional-e-nova-iluminacao","status":"publish","type":"post","link":"https:\/\/sabuguinho.com.br\/site\/ponte-carvalho-pinto-entre-avare-e-itai-ganhara-sistema-eletrico-regional-e-nova-iluminacao\/","title":{"rendered":"PONTE CARVALHO PINTO, ENTRE AVAR\u00c9 E ITA\u00cd, GANHAR\u00c1 SISTEMA EL\u00c9TRICO REGIONAL E NOVA ILUMINA\u00c7\u00c3O"},"content":{"rendered":"<p>A Ponte Carvalho Pinto, importante liga\u00e7\u00e3o entre os munic\u00edpios de Avar\u00e9 e Ita\u00ed pela Rodovia Jo\u00e3o Mell\u00e3o (SP-255), ser\u00e1 contemplada com duas importantes melhorias: a implanta\u00e7\u00e3o de um sistema el\u00e9trico regional e a instala\u00e7\u00e3o de nova ilumina\u00e7\u00e3o em toda a sua extens\u00e3o. Os servi\u00e7os, que j\u00e1 est\u00e3o em andamento, prometem beneficiar tanto a infraestrutura energ\u00e9tica da regi\u00e3o quanto a seguran\u00e7a e o turismo local.<br \/>\nA Ceripa, cooperativa de energia com sede em Ita\u00ed, deu in\u00edcio \u00e0s obras de infraestrutura que devem fortalecer o sistema el\u00e9trico regional e ampliar a capacidade de fornecimento de energia para Avar\u00e9. Como parte do projeto, foi constru\u00edda uma subesta\u00e7\u00e3o de 138 kV, projetada para captar energia da rede nacional.<br \/>\nCom capacidade de 90 megawatts, a nova estrutura deve ampliar significativamente a oferta de energia, garantindo maior estabilidade no fornecimento e suporte ao crescimento da demanda na regi\u00e3o. O atendimento ao munic\u00edpio de Avar\u00e9 ser\u00e1 realizado por meio de uma linha de transmiss\u00e3o que partir\u00e1 da subesta\u00e7\u00e3o e far\u00e1 uma travessia subaqu\u00e1tica na parte inferior da ponte, em um trecho de aproximadamente 2,5 quil\u00f4metros.<br \/>\nPara isso, ser\u00e3o utilizados cabos instalados sobre o leito da represa Jurumirim, operando com tens\u00e3o de 69 kV. A solu\u00e7\u00e3o t\u00e9cnica foi desenvolvida para assegurar efici\u00eancia operacional e confiabilidade no abastecimento de energia aos consumidores.<br \/>\nA previs\u00e3o \u00e9 que a obra seja conclu\u00edda at\u00e9 setembro deste ano, garantindo que Avar\u00e9 conte com energia suficiente para atender \u00e0 demanda, inclusive nos per\u00edodos de maior consumo. O engenheiro Claudio Albuquerque \u00e9 o respons\u00e1vel t\u00e9cnico pela implanta\u00e7\u00e3o do novo sistema el\u00e9trico, representando a Ceripa na execu\u00e7\u00e3o e no acompanhamento de todas as etapas do projeto.<\/p>\n<p>Turismo e seguran\u00e7a<\/p>\n<p>Al\u00e9m do refor\u00e7o no sistema el\u00e9trico, a proposta tamb\u00e9m prev\u00ea a instala\u00e7\u00e3o de uma moderna estrutura de ilumina\u00e7\u00e3o em toda a Ponte Carvalho Pinto. O objetivo \u00e9 oferecer mais seguran\u00e7a aos motoristas que utilizam o trecho durante o per\u00edodo noturno.<br \/>\nA melhoria na infraestrutura tamb\u00e9m deve valorizar um dos principais cart\u00f5es-postais da regi\u00e3o. Inaugurada em 1962, a ponte \u00e9 considerada um importante ponto tur\u00edstico e, com a nova ilumina\u00e7\u00e3o, poder\u00e1 ser visualizada de diferentes \u00e2ngulos e a longas dist\u00e2ncias, destacando ainda mais a paisagem da represa Jurumirim.<br \/>\nA combina\u00e7\u00e3o das obras representa um avan\u00e7o significativo para a infraestrutura regional, unindo efici\u00eancia energ\u00e9tica e valoriza\u00e7\u00e3o do patrim\u00f4nio hist\u00f3rico e tur\u00edstico da regi\u00e3o.<\/p>\n<p>Com informa\u00e7\u00f5es do Informe Regional<\/p>\n","protected":false},"excerpt":{"rendered":"<p>A Ponte Carvalho Pinto, importante liga\u00e7\u00e3o entre os munic\u00edpios de Avar\u00e9 e Ita\u00ed pela Rodovia Jo\u00e3o Mell\u00e3o (SP-255), ser\u00e1 contemplada com duas importantes melhorias: a implanta\u00e7\u00e3o de um sistema el\u00e9trico regional e a instala\u00e7\u00e3o de nova ilumina\u00e7\u00e3o em toda a sua extens\u00e3o. Os servi\u00e7os, que j\u00e1 est\u00e3o em andamento, prometem beneficiar tanto a infraestrutura energ\u00e9tica [&hellip;]<\/p>\n","protected":false},"author":2,"featured_media":42384,"comment_status":"open","ping_status":"open","sticky":false,"template":"","format":"standard","meta":{"footnotes":""},"categories":[51],"tags":[],"_links":{"self":[{"href":"https:\/\/sabuguinho.com.br\/site\/wp-json\/wp\/v2\/posts\/42383"}],"collection":[{"href":"https:\/\/sabuguinho.com.br\/site\/wp-json\/wp\/v2\/posts"}],"about":[{"href":"https:\/\/sabuguinho.com.br\/site\/wp-json\/wp\/v2\/types\/post"}],"author":[{"embeddable":true,"href":"https:\/\/sabuguinho.com.br\/site\/wp-json\/wp\/v2\/users\/2"}],"replies":[{"embeddable":true,"href":"https:\/\/sabuguinho.com.br\/site\/wp-json\/wp\/v2\/comments?post=42383"}],"version-history":[{"count":1,"href":"https:\/\/sabuguinho.com.br\/site\/wp-json\/wp\/v2\/posts\/42383\/revisions"}],"predecessor-version":[{"id":42385,"href":"https:\/\/sabuguinho.com.br\/site\/wp-json\/wp\/v2\/posts\/42383\/revisions\/42385"}],"wp:featuredmedia":[{"embeddable":true,"href":"https:\/\/sabuguinho.com.br\/site\/wp-json\/wp\/v2\/media\/42384"}],"wp:attachment":[{"href":"https:\/\/sabuguinho.com.br\/site\/wp-json\/wp\/v2\/media?parent=42383"}],"wp:term":[{"taxonomy":"category","embeddable":true,"href":"https:\/\/sabuguinho.com.br\/site\/wp-json\/wp\/v2\/categories?post=42383"},{"taxonomy":"post_tag","embeddable":true,"href":"https:\/\/sabuguinho.com.br\/site\/wp-json\/wp\/v2\/tags?post=42383"}],"curies":[{"name":"wp","href":"https:\/\/api.w.org\/{rel}","templated":true}]}}