{"id":42361,"date":"2026-03-06T10:59:10","date_gmt":"2026-03-06T13:59:10","guid":{"rendered":"https:\/\/sabuguinho.com.br\/site\/?p=42361"},"modified":"2026-03-06T10:59:10","modified_gmt":"2026-03-06T13:59:10","slug":"obras-do-viaduto-que-ligara-os-bairros-terras-de-sao-jose-e-brabancia-sao-iniciadas-em-avare","status":"publish","type":"post","link":"https:\/\/sabuguinho.com.br\/site\/obras-do-viaduto-que-ligara-os-bairros-terras-de-sao-jose-e-brabancia-sao-iniciadas-em-avare\/","title":{"rendered":"OBRAS DO VIADUTO QUE LIGAR\u00c1 OS BAIRROS TERRAS DE S\u00c3O JOS\u00c9 E BRAB\u00c2NCIA S\u00c3O INICIADAS EM AVAR\u00c9"},"content":{"rendered":"<p>Um marco hist\u00f3rico para a mobilidade urbana de Avar\u00e9 finalmente saiu do papel. Na \u00faltima quarta-feira (4), foram iniciadas as obras de constru\u00e7\u00e3o do aguardado viaduto que vai interligar os bairros Terras de S\u00e3o Jos\u00e9 e Brab\u00e2ncia. O empreendimento, uma reivindica\u00e7\u00e3o antiga da popula\u00e7\u00e3o, promete transformar a rotina de quem precisa cruzar a SP-255 (Rodovia Jo\u00e3o Mell\u00e3o) no trecho urbano da cidade.<\/p>\n<p>A execu\u00e7\u00e3o do projeto est\u00e1 a cargo da CCR SPVias, concession\u00e1ria respons\u00e1vel pela rodovia, sob a rigorosa fiscaliza\u00e7\u00e3o da Ag\u00eancia de Transporte do Estado de S\u00e3o Paulo (ARTESP). A passagem superior est\u00e1 sendo edificada no km 260 da SP-255, um ponto cr\u00edtico onde o tr\u00e1fego de ve\u00edculos de passeio e de carga se intensifica diariamente.<\/p>\n<p>O principal benef\u00edcio do dispositivo ser\u00e1 a seguran\u00e7a. Atualmente, moradores dos dois bairros precisam arriscar a travessia em meio ao tr\u00e1fego intenso da rodovia. Com o viaduto, a passagem ser\u00e1 feita de forma segregada e protegida, eliminando o risco de acidentes tanto para condutores quanto para pedestres.<\/p>\n<p>\u201cEssa \u00e9 uma vit\u00f3ria da comunidade. O viaduto vai trazer mais fluidez para o tr\u00e2nsito e, acima de tudo, salvar vidas, garantindo uma travessia segura para as fam\u00edlias da regi\u00e3o\u201d, destacou o prefeito Roberto Araujo, que esteve pessoalmente no canteiro de obras para acompanhar o pontap\u00e9 inicial dos trabalhos.<\/p>\n<p>Al\u00e9m de melhorar a conex\u00e3o entre os bairros, o viaduto facilitar\u00e1 significativamente o acesso ao novo cemit\u00e9rio da cidade, agregando valor e infraestrutura a toda a regi\u00e3o.<\/p>\n<p>Parceria e Apoio Institucional<br \/>\nA concretiza\u00e7\u00e3o do empreendimento \u00e9 fruto de um esfor\u00e7o coletivo. A Prefeitura de Avar\u00e9 tem prestado total apoio \u00e0 CCR SPVias, especialmente na agiliza\u00e7\u00e3o dos tr\u00e2mites burocr\u00e1ticos necess\u00e1rios para o licenciamento e in\u00edcio da obra.<\/p>\n<p>Os detalhes deste projeto hist\u00f3rico foram alinhados em uma reuni\u00e3o no Pa\u00e7o Municipal, que contou com a presen\u00e7a do prefeito Roberto Araujo, dos vereadores Moacir Lima e Pedro Fusco, al\u00e9m de secret\u00e1rios municipais e representantes da concession\u00e1ria.<\/p>\n<p>A articula\u00e7\u00e3o pol\u00edtica tamb\u00e9m contou com a intermedia\u00e7\u00e3o dos deputados Major Mecca e Capit\u00e3o Conte Lopes, que, embora n\u00e3o tenham podido comparecer \u00e0 reuni\u00e3o presencialmente, foram fundamentais para viabilizar a conquista para Avar\u00e9.<\/p>\n<p>Cronograma e Pr\u00f3ximas Etapas<br \/>\nAs obras tiveram in\u00edcio com o levantamento topogr\u00e1fico da \u00e1rea, etapa essencial para o planejamento preciso da estrutura. Segundo a CCR SPVias, a pr\u00f3xima fase ser\u00e1 a execu\u00e7\u00e3o dos servi\u00e7os de drenagem e infraestrutura hidr\u00e1ulica, preparando o terreno para a concretagem e montagem do viaduto.<\/p>\n<p>A expectativa da concession\u00e1ria \u00e9 que os trabalhos sejam conclu\u00eddos em um per\u00edodo estimado entre 15 e 18 meses, levando mais seguran\u00e7a, desenvolvimento e qualidade de vida para os moradores de Avar\u00e9 e regi\u00e3o.<\/p>\n<p><img loading=\"lazy\" decoding=\"async\" src=\"https:\/\/sabuguinho.com.br\/site\/wp-content\/uploads\/2026\/03\/IMG-20260306-WA0049-1-84x150.jpg\" alt=\"\" width=\"84\" height=\"150\" class=\"alignnone size-medium wp-image-42365\" srcset=\"https:\/\/sabuguinho.com.br\/site\/wp-content\/uploads\/2026\/03\/IMG-20260306-WA0049-1-84x150.jpg 84w, https:\/\/sabuguinho.com.br\/site\/wp-content\/uploads\/2026\/03\/IMG-20260306-WA0049-1-288x512.jpg 288w, https:\/\/sabuguinho.com.br\/site\/wp-content\/uploads\/2026\/03\/IMG-20260306-WA0049-1-768x1366.jpg 768w, https:\/\/sabuguinho.com.br\/site\/wp-content\/uploads\/2026\/03\/IMG-20260306-WA0049-1-864x1536.jpg 864w, https:\/\/sabuguinho.com.br\/site\/wp-content\/uploads\/2026\/03\/IMG-20260306-WA0049-1-750x1334.jpg 750w, https:\/\/sabuguinho.com.br\/site\/wp-content\/uploads\/2026\/03\/IMG-20260306-WA0049-1.jpg 899w\" sizes=\"(max-width: 84px) 100vw, 84px\" \/><\/p>\n<p><img loading=\"lazy\" decoding=\"async\" src=\"https:\/\/sabuguinho.com.br\/site\/wp-content\/uploads\/2026\/03\/IMG-20260306-WA0050-150x99.jpg\" alt=\"\" width=\"150\" height=\"99\" class=\"alignnone size-medium wp-image-42366\" srcset=\"https:\/\/sabuguinho.com.br\/site\/wp-content\/uploads\/2026\/03\/IMG-20260306-WA0050-150x99.jpg 150w, https:\/\/sabuguinho.com.br\/site\/wp-content\/uploads\/2026\/03\/IMG-20260306-WA0050-512x339.jpg 512w, https:\/\/sabuguinho.com.br\/site\/wp-content\/uploads\/2026\/03\/IMG-20260306-WA0050-768x508.jpg 768w, https:\/\/sabuguinho.com.br\/site\/wp-content\/uploads\/2026\/03\/IMG-20260306-WA0050-750x496.jpg 750w, https:\/\/sabuguinho.com.br\/site\/wp-content\/uploads\/2026\/03\/IMG-20260306-WA0050.jpg 1092w\" sizes=\"(max-width: 150px) 100vw, 150px\" \/><\/p>\n","protected":false},"excerpt":{"rendered":"<p>Um marco hist\u00f3rico para a mobilidade urbana de Avar\u00e9 finalmente saiu do papel. Na \u00faltima quarta-feira (4), foram iniciadas as obras de constru\u00e7\u00e3o do aguardado viaduto que vai interligar os bairros Terras de S\u00e3o Jos\u00e9 e Brab\u00e2ncia. O empreendimento, uma reivindica\u00e7\u00e3o antiga da popula\u00e7\u00e3o, promete transformar a rotina de quem precisa cruzar a SP-255 (Rodovia [&hellip;]<\/p>\n","protected":false},"author":2,"featured_media":42367,"comment_status":"open","ping_status":"open","sticky":false,"template":"","format":"standard","meta":{"footnotes":""},"categories":[58],"tags":[],"_links":{"self":[{"href":"https:\/\/sabuguinho.com.br\/site\/wp-json\/wp\/v2\/posts\/42361"}],"collection":[{"href":"https:\/\/sabuguinho.com.br\/site\/wp-json\/wp\/v2\/posts"}],"about":[{"href":"https:\/\/sabuguinho.com.br\/site\/wp-json\/wp\/v2\/types\/post"}],"author":[{"embeddable":true,"href":"https:\/\/sabuguinho.com.br\/site\/wp-json\/wp\/v2\/users\/2"}],"replies":[{"embeddable":true,"href":"https:\/\/sabuguinho.com.br\/site\/wp-json\/wp\/v2\/comments?post=42361"}],"version-history":[{"count":1,"href":"https:\/\/sabuguinho.com.br\/site\/wp-json\/wp\/v2\/posts\/42361\/revisions"}],"predecessor-version":[{"id":42368,"href":"https:\/\/sabuguinho.com.br\/site\/wp-json\/wp\/v2\/posts\/42361\/revisions\/42368"}],"wp:featuredmedia":[{"embeddable":true,"href":"https:\/\/sabuguinho.com.br\/site\/wp-json\/wp\/v2\/media\/42367"}],"wp:attachment":[{"href":"https:\/\/sabuguinho.com.br\/site\/wp-json\/wp\/v2\/media?parent=42361"}],"wp:term":[{"taxonomy":"category","embeddable":true,"href":"https:\/\/sabuguinho.com.br\/site\/wp-json\/wp\/v2\/categories?post=42361"},{"taxonomy":"post_tag","embeddable":true,"href":"https:\/\/sabuguinho.com.br\/site\/wp-json\/wp\/v2\/tags?post=42361"}],"curies":[{"name":"wp","href":"https:\/\/api.w.org\/{rel}","templated":true}]}}