{"id":42354,"date":"2026-03-06T10:31:02","date_gmt":"2026-03-06T13:31:02","guid":{"rendered":"https:\/\/sabuguinho.com.br\/site\/?p=42354"},"modified":"2026-03-06T10:31:02","modified_gmt":"2026-03-06T13:31:02","slug":"gestao-frente-de-trabalho-se-prepara-para-iniciar-os-trabalhos-em-avare","status":"publish","type":"post","link":"https:\/\/sabuguinho.com.br\/site\/gestao-frente-de-trabalho-se-prepara-para-iniciar-os-trabalhos-em-avare\/","title":{"rendered":"GEST\u00c3O &#8211;   *Frente de Trabalho se prepara para iniciar os trabalhos em Avar\u00e9*"},"content":{"rendered":"<p>Trinta rec\u00e9m-contratados v\u00e3o auxiliar no trabalho de limpeza de pra\u00e7as e ruas da cidade_ <\/p>\n<p>O trabalho de zeladoria da Prefeitura de Avar\u00e9 vai ganhar um refor\u00e7o a partir de segunda-feira, 9 de mar\u00e7o.<br \/>\nTrinta selecionados pela Frente de Trabalho v\u00e3o iniciar os trabalhos de limpeza de pra\u00e7as, ruas e demais pontos da infraestrutura urbana.<br \/>\nA a\u00e7\u00e3o \u00e9 uma iniciativa do prefeito Roberto Araujo.<br \/>\nA empresa respons\u00e1vel pelo servi\u00e7o fez a entrega do Equipamento de Prote\u00e7\u00e3o Individual (EPI) aos trabalhadores na tarde de quinta-feira, 5 de mar\u00e7o.<br \/>\nOs rec\u00e9m-contratados receberam caneleira, colete de couro e outros materiais de prote\u00e7\u00e3o.<br \/>\nO trabalho da Frente de Trabalho ser\u00e1 realizado de segunda a sexta-feira, das 7h \u00e0s 17 horas, conforme cronograma estabelecido pelo munic\u00edpio.<\/p>\n","protected":false},"excerpt":{"rendered":"<p>Trinta rec\u00e9m-contratados v\u00e3o auxiliar no trabalho de limpeza de pra\u00e7as e ruas da cidade_ O trabalho de zeladoria da Prefeitura de Avar\u00e9 vai ganhar um refor\u00e7o a partir de segunda-feira, 9 de mar\u00e7o. Trinta selecionados pela Frente de Trabalho v\u00e3o iniciar os trabalhos de limpeza de pra\u00e7as, ruas e demais pontos da infraestrutura urbana. A [&hellip;]<\/p>\n","protected":false},"author":2,"featured_media":42355,"comment_status":"open","ping_status":"open","sticky":false,"template":"","format":"standard","meta":{"footnotes":""},"categories":[141],"tags":[],"_links":{"self":[{"href":"https:\/\/sabuguinho.com.br\/site\/wp-json\/wp\/v2\/posts\/42354"}],"collection":[{"href":"https:\/\/sabuguinho.com.br\/site\/wp-json\/wp\/v2\/posts"}],"about":[{"href":"https:\/\/sabuguinho.com.br\/site\/wp-json\/wp\/v2\/types\/post"}],"author":[{"embeddable":true,"href":"https:\/\/sabuguinho.com.br\/site\/wp-json\/wp\/v2\/users\/2"}],"replies":[{"embeddable":true,"href":"https:\/\/sabuguinho.com.br\/site\/wp-json\/wp\/v2\/comments?post=42354"}],"version-history":[{"count":1,"href":"https:\/\/sabuguinho.com.br\/site\/wp-json\/wp\/v2\/posts\/42354\/revisions"}],"predecessor-version":[{"id":42356,"href":"https:\/\/sabuguinho.com.br\/site\/wp-json\/wp\/v2\/posts\/42354\/revisions\/42356"}],"wp:featuredmedia":[{"embeddable":true,"href":"https:\/\/sabuguinho.com.br\/site\/wp-json\/wp\/v2\/media\/42355"}],"wp:attachment":[{"href":"https:\/\/sabuguinho.com.br\/site\/wp-json\/wp\/v2\/media?parent=42354"}],"wp:term":[{"taxonomy":"category","embeddable":true,"href":"https:\/\/sabuguinho.com.br\/site\/wp-json\/wp\/v2\/categories?post=42354"},{"taxonomy":"post_tag","embeddable":true,"href":"https:\/\/sabuguinho.com.br\/site\/wp-json\/wp\/v2\/tags?post=42354"}],"curies":[{"name":"wp","href":"https:\/\/api.w.org\/{rel}","templated":true}]}}