{"id":42029,"date":"2026-02-27T14:44:05","date_gmt":"2026-02-27T17:44:05","guid":{"rendered":"https:\/\/sabuguinho.com.br\/site\/?p=42029"},"modified":"2026-02-27T14:44:05","modified_gmt":"2026-02-27T17:44:05","slug":"prefeito-fabio-leite-apresentou-ao-vice-presidente-da-republica-geraldo-alckmin-a-infraestrutura-pronta-e-as-contrapartidas-oferecidas-ao-ministerio-da-educacao","status":"publish","type":"post","link":"https:\/\/sabuguinho.com.br\/site\/prefeito-fabio-leite-apresentou-ao-vice-presidente-da-republica-geraldo-alckmin-a-infraestrutura-pronta-e-as-contrapartidas-oferecidas-ao-ministerio-da-educacao\/","title":{"rendered":"Prefeito F\u00e1bio Leite apresentou ao Vice-Presidente da Rep\u00fablica Geraldo Alckmin a infraestrutura pronta e as contrapartidas oferecidas ao Minist\u00e9rio da Educa\u00e7\u00e3o."},"content":{"rendered":"<p>O prefeito de Botucatu, F\u00e1bio Leite, se reuniu nesta quinta-feira (26), em Bras\u00edlia, com o vice-presidente da Rep\u00fablica, Geraldo Alckmin, para tratar da poss\u00edvel implanta\u00e7\u00e3o do Instituto Federal de S\u00e3o Paulo no munic\u00edpio. O chefe do Executivo de Botucatu comentou o encontro em entrevista ao Primeiro Jornal, da Prever FM (100.9), na manh\u00e3 desta sexta-feira (27)<\/p>\n<p>Durante a reuni\u00e3o, F\u00e1bio Leite ressaltou que Botucatu j\u00e1 disp\u00f5e de infraestrutura adequada para receber a unidade, diferentemente de outros munic\u00edpios que oferecem apenas terrenos vazios.<br \/>\n\u201cTecnicamente, n\u00e3o h\u00e1 como Botucatu n\u00e3o ser escolhida. O nosso espa\u00e7o que foi cedido para o Instituto Federal \u2013 e essas palavras n\u00e3o s\u00e3o s\u00f3 minhas, s\u00e3o dos pr\u00f3prios t\u00e9cnicos do Instituto Federal que estiveram aqui \u2013 \u00e9 absolutamente adequado. Temos parte das instala\u00e7\u00f5es j\u00e1 constru\u00eddas e prontas\u201d, afirmou o prefeito.<\/p>\n<p>Segundo ele, o munic\u00edpio ofereceu oficialmente ao Governo Federal n\u00e3o apenas a estrutura f\u00edsica, mas tamb\u00e9m os servi\u00e7os exigidos como contrapartida, como vigil\u00e2ncia, merenda e limpeza.<\/p>\n<p>\u201cTodas as exig\u00eancias t\u00e9cnicas que foram feitas pelo Instituto Federal, sem exce\u00e7\u00e3o, eu aceitei e cumpri. Em termos f\u00edsicos, de dimens\u00e3o da \u00e1rea e de servi\u00e7os, atendemos 100% do que foi solicitado pelo Minist\u00e9rio da Educa\u00e7\u00e3o\u201d, declarou.<\/p>\n<p>A defini\u00e7\u00e3o sobre novos campi depende de decis\u00e3o do Minist\u00e9rio da Educa\u00e7\u00e3o e do Governo Federal. A Prefeitura avalia que, do ponto de vista t\u00e9cnico, o munic\u00edpio atende integralmente aos crit\u00e9rios exigidos<\/p>\n","protected":false},"excerpt":{"rendered":"<p>O prefeito de Botucatu, F\u00e1bio Leite, se reuniu nesta quinta-feira (26), em Bras\u00edlia, com o vice-presidente da Rep\u00fablica, Geraldo Alckmin, para tratar da poss\u00edvel implanta\u00e7\u00e3o do Instituto Federal de S\u00e3o Paulo no munic\u00edpio. O chefe do Executivo de Botucatu comentou o encontro em entrevista ao Primeiro Jornal, da Prever FM (100.9), na manh\u00e3 desta sexta-feira [&hellip;]<\/p>\n","protected":false},"author":2,"featured_media":42030,"comment_status":"open","ping_status":"open","sticky":false,"template":"","format":"standard","meta":{"footnotes":""},"categories":[79],"tags":[],"_links":{"self":[{"href":"https:\/\/sabuguinho.com.br\/site\/wp-json\/wp\/v2\/posts\/42029"}],"collection":[{"href":"https:\/\/sabuguinho.com.br\/site\/wp-json\/wp\/v2\/posts"}],"about":[{"href":"https:\/\/sabuguinho.com.br\/site\/wp-json\/wp\/v2\/types\/post"}],"author":[{"embeddable":true,"href":"https:\/\/sabuguinho.com.br\/site\/wp-json\/wp\/v2\/users\/2"}],"replies":[{"embeddable":true,"href":"https:\/\/sabuguinho.com.br\/site\/wp-json\/wp\/v2\/comments?post=42029"}],"version-history":[{"count":1,"href":"https:\/\/sabuguinho.com.br\/site\/wp-json\/wp\/v2\/posts\/42029\/revisions"}],"predecessor-version":[{"id":42031,"href":"https:\/\/sabuguinho.com.br\/site\/wp-json\/wp\/v2\/posts\/42029\/revisions\/42031"}],"wp:featuredmedia":[{"embeddable":true,"href":"https:\/\/sabuguinho.com.br\/site\/wp-json\/wp\/v2\/media\/42030"}],"wp:attachment":[{"href":"https:\/\/sabuguinho.com.br\/site\/wp-json\/wp\/v2\/media?parent=42029"}],"wp:term":[{"taxonomy":"category","embeddable":true,"href":"https:\/\/sabuguinho.com.br\/site\/wp-json\/wp\/v2\/categories?post=42029"},{"taxonomy":"post_tag","embeddable":true,"href":"https:\/\/sabuguinho.com.br\/site\/wp-json\/wp\/v2\/tags?post=42029"}],"curies":[{"name":"wp","href":"https:\/\/api.w.org\/{rel}","templated":true}]}}