{"id":41530,"date":"2026-02-16T11:16:22","date_gmt":"2026-02-16T14:16:22","guid":{"rendered":"https:\/\/sabuguinho.com.br\/site\/?p=41530"},"modified":"2026-02-16T11:16:22","modified_gmt":"2026-02-16T14:16:22","slug":"corinthians-vence-o-sao-bernardo-e-se-classifica-para-as-quartas-do-paulista","status":"publish","type":"post","link":"https:\/\/sabuguinho.com.br\/site\/corinthians-vence-o-sao-bernardo-e-se-classifica-para-as-quartas-do-paulista\/","title":{"rendered":"Corinthians vence o S\u00e3o Bernardo e se classifica para as quartas do Paulista"},"content":{"rendered":"<p>Corinthians est\u00e1 nas quartas de final do Campeonato Paulista. O Tim\u00e3o venceu o S\u00e3o Bernardo por 1 a 0 na noite deste domingo, no Est\u00e1dio Primeiro de Maio, pela \u00faltima rodada da primeira fase do Estadual. De volta ap\u00f3s les\u00e3o, Andr\u00e9 balan\u00e7ou as redes para dar o triunfo ao Alvinegro paulista.<br \/>\nCom o resultado, o Corinthians garantiu uma vaga nas quartas de final do Campeonato Paulista. O Tim\u00e3o encerrou a primeira fase na quinta coloca\u00e7\u00e3o, com 14 pontos conquistados \u2013 foram tr\u00eas vit\u00f3rias, tr\u00eas empates e duas derrotas em oito rodadas. Do outro lado, o S\u00e3o Bernardo se despediu do Estadual, mas se salvou do rebaixamento. O Bern\u00f4 fechou a campanha na 12\u00aa posi\u00e7\u00e3o, com nove pontos.<br \/>\nAgora, com o novo formato do Paulist\u00e3o, o Corinthians ir\u00e1 encarar a Portuguesa nas quartas de final, programadas para o pr\u00f3ximo fim de semana. Data e hor\u00e1rio do cl\u00e1ssico ainda ser\u00e3o definidos pela FPF (Federa\u00e7\u00e3o Paulista de Futebol), mas o mando ser\u00e1 da Lusa, que terminou uma posi\u00e7\u00e3o acima do Tim\u00e3o na primeira fase.<br \/>\nCom quatro minutos, Matheus Bidu lan\u00e7ou Charles, que escorou de peito para Gui Neg\u00e3o. O atacante recebeu dentro da \u00e1rea e finalizou, mas mandou por cima do gol. Dois minutos depois, Garro cobrou falta da entrada da \u00e1rea, no canto esquerdo, e Alex Alves espalmou. Logo em seguida, Vitinho tocou para tr\u00e1s e Allan bateu para o gol, mas n\u00e3o acertou o alvo.<br \/>\nAos 16 minutos, foi a vez do S\u00e3o Bernardo chegar pela primeira vez. Par\u00e1 finalizou da entrada da \u00e1rea e Hugo Souza encaixou em dois tempos. Com 30 minutos, a equipe do interior paulista marcou de cabe\u00e7a com Augusto ap\u00f3s cobran\u00e7a de falta e chegou a abrir o placar, mas o lance foi invalidado por impedimento.<br \/>\nCom 37 minutos, Matheus Bidu arriscou de fora da \u00e1rea e Alex Alves defendeu. Na sequ\u00eancia, Pedro Milans encontrou bom passe para Garro dentro da \u00e1rea. O camisa 8 bateu colocado, e o goleiro espalmou para escanteio. Minutos depois, foi a vez de Andr\u00e9 tentar o chute colocado da intermedi\u00e1ria, e a bola passou perto do gol.<br \/>\nFoi aos 21 minuto que o Corinthians abriu o marcador. Ap\u00f3s lan\u00e7amento, Vitinho cabeceou para Yuri Alberto. O atacante tentou dominar, mas a bola escapou e sobrou na entrada da \u00e1rea. Andr\u00e9 chegou batendo de primeira e balan\u00e7ou as redes.<br \/>\nCom 38 minutos, o Tim\u00e3o quase aumentou a vantagem. Garro cobrou falta do meio da \u00e1rea, dessa vez no canto direito, e Alex Alves buscou a defesa. Em seguida, o S\u00e3o Bernardo respondeu e quase deixou tudo igual em cabeceio de Pablo Dyego, mas Hugo Souza defendeu.<\/p>\n<p>S\u00c3O BERNARDO 0 x 1 CORINTHIANS<\/p>\n<p>Competi\u00e7\u00e3o: Campeonato Paulista (oitava rodada)Coisas para fazer perto de S\u00e3o Paulo<\/p>\n<p>Local: Est\u00e1dio Municipal Primeiro de Maio, em S\u00e3o Bernardo do Campo (SP)<\/p>\n<p>Cart\u00f5es amarelos: Pedro Vitor, Augusto, Marc\u00e3o (S\u00e3o Bernardo) \/ Allan (Corinthians)<\/p>\n<p>GOL: Andr\u00e9, aos 21\u2032 do 2\u00baT (Corinthians)<\/p>\n<p>S\u00c3O BERNARDO \u2013 Alex Alves; Hugo Sanches (Rodrigo Freitas), Matheus Salustiano, H\u00e9lder Maciel, Augusto (Lucas Rian) e Par\u00e1; Romisson (Rodrigo Andrade), Marc\u00e3o Silva (J\u00fanior Urso) e Jo\u00e3o Paulo; Pedro Vitor (Pablo Dyego) e Felipe Garcia.<br \/>\nT\u00e9cnico: Ricardo Catal\u00e1<\/p>\n<p>CORINTHIANS \u2013 Hugo Souza; Pedro Milans (Matheuzinho), Andr\u00e9 Ramalho, Jo\u00e3o Pedro Tchoca e Matheus Bidu; Allan (Raniele), Charles, Andr\u00e9 e Garro; Vitinho (Kayke) e Gui Neg\u00e3o (Yuri Alberto (Gabriel Paulista)).<br \/>\nT\u00e9cnico: Dorival J\u00fanior<\/p>\n<p>Fonte: FPF \u2013 Foto: Jhonny In\u00e1cio\/Ag. Paulist\u00e3o<\/p>\n","protected":false},"excerpt":{"rendered":"<p>Corinthians est\u00e1 nas quartas de final do Campeonato Paulista. O Tim\u00e3o venceu o S\u00e3o Bernardo por 1 a 0 na noite deste domingo, no Est\u00e1dio Primeiro de Maio, pela \u00faltima rodada da primeira fase do Estadual. De volta ap\u00f3s les\u00e3o, Andr\u00e9 balan\u00e7ou as redes para dar o triunfo ao Alvinegro paulista. Com o resultado, o [&hellip;]<\/p>\n","protected":false},"author":2,"featured_media":41533,"comment_status":"open","ping_status":"open","sticky":false,"template":"","format":"standard","meta":{"footnotes":""},"categories":[45],"tags":[],"_links":{"self":[{"href":"https:\/\/sabuguinho.com.br\/site\/wp-json\/wp\/v2\/posts\/41530"}],"collection":[{"href":"https:\/\/sabuguinho.com.br\/site\/wp-json\/wp\/v2\/posts"}],"about":[{"href":"https:\/\/sabuguinho.com.br\/site\/wp-json\/wp\/v2\/types\/post"}],"author":[{"embeddable":true,"href":"https:\/\/sabuguinho.com.br\/site\/wp-json\/wp\/v2\/users\/2"}],"replies":[{"embeddable":true,"href":"https:\/\/sabuguinho.com.br\/site\/wp-json\/wp\/v2\/comments?post=41530"}],"version-history":[{"count":1,"href":"https:\/\/sabuguinho.com.br\/site\/wp-json\/wp\/v2\/posts\/41530\/revisions"}],"predecessor-version":[{"id":41534,"href":"https:\/\/sabuguinho.com.br\/site\/wp-json\/wp\/v2\/posts\/41530\/revisions\/41534"}],"wp:featuredmedia":[{"embeddable":true,"href":"https:\/\/sabuguinho.com.br\/site\/wp-json\/wp\/v2\/media\/41533"}],"wp:attachment":[{"href":"https:\/\/sabuguinho.com.br\/site\/wp-json\/wp\/v2\/media?parent=41530"}],"wp:term":[{"taxonomy":"category","embeddable":true,"href":"https:\/\/sabuguinho.com.br\/site\/wp-json\/wp\/v2\/categories?post=41530"},{"taxonomy":"post_tag","embeddable":true,"href":"https:\/\/sabuguinho.com.br\/site\/wp-json\/wp\/v2\/tags?post=41530"}],"curies":[{"name":"wp","href":"https:\/\/api.w.org\/{rel}","templated":true}]}}