{"id":41512,"date":"2026-02-15T16:21:37","date_gmt":"2026-02-15T19:21:37","guid":{"rendered":"https:\/\/sabuguinho.com.br\/site\/?p=41512"},"modified":"2026-02-15T16:21:37","modified_gmt":"2026-02-15T19:21:37","slug":"morre-renato-rabelo-ex-presidente-do-pcdob-aos-83-anos","status":"publish","type":"post","link":"https:\/\/sabuguinho.com.br\/site\/morre-renato-rabelo-ex-presidente-do-pcdob-aos-83-anos\/","title":{"rendered":"Morre Renato Rabelo ex-presidente do PCdoB aos 83 anos"},"content":{"rendered":"<p>Ele presidiu a sigla de 2001 a 2015<\/p>\n<p>Bruno Bocchini &#8211; Rep\u00f3rter da Ag\u00eancia Brasil<\/p>\n<p>Morreu neste domingo (15), aos 83 anos, o ex-presidente do Partido Comunista do Brasil (PCdoB) Renato Rabello. Ele presidiu a sigla de 2001 a 2015. A morte foi confirmada pelo partido, em nota.<br \/>\n\u201c[O PCdoB] expressa o sentimento de consterna\u00e7\u00e3o de toda a milit\u00e2ncia comunista que, em homenagem a Renato, inclina a bandeira verde e amarela da p\u00e1tria, entrela\u00e7ada com os estandartes vermelhos da revolu\u00e7\u00e3o e do socialismo. E acolhe no peito os sentimentos, os p\u00easames que chegam do pa\u00eds e do exterior e pulsam nas redes sociais\u201d.<br \/>\nRenato foi vice-presidente nacional da Uni\u00e3o Nacional dos Estudantes (UNE) durante a ditadura militar de 1964, militante da A\u00e7\u00e3o Popular (AP) e membro do n\u00facleo dirigente que conduziu a integra\u00e7\u00e3o da organiza\u00e7\u00e3o ao PCdoB, em 1973.<br \/>\nFoi exilado na Fran\u00e7a, em 1976, quando dirigentes do PCdoB foram assassinados, presos e torturados no Brasil, e retornou com a anistia de 1979. Dedicou-se, em especial, ao fortalecimento das rela\u00e7\u00f5es do PCdoB com os pa\u00edses socialistas, notadamente, China, Vietn\u00e3 e Cuba.<br \/>\n\u201cSua maior obra \u00e9 o aporte de ideias e formula\u00e7\u00f5es ao acervo te\u00f3rico, pol\u00edtico e ideol\u00f3gico do Partido, importantes contribui\u00e7\u00f5es te\u00f3ricas e pol\u00edticas que enriqueceram o seu pensamento t\u00e1tico, estrat\u00e9gico e program\u00e1tico, como tamb\u00e9m a pr\u00e1xis de sua edifica\u00e7\u00e3o e atua\u00e7\u00e3o na arena da luta de classes\u201d, diz a nota do PCdoB.<br \/>\nRenato foi um dos articuladores, pelo PCdoB, junto com Jo\u00e3o Amazonas, da Frente Brasil Popular (PT, PSB, PCdoB) que lan\u00e7ou, em 1989, a primeira candidatura de Luiz In\u00e1cio Lula da Silva para presidente da Rep\u00fablica.<br \/>\n\u201cRecebi com muita tristeza a perda do companheiro Renato Rabelo, grande lideran\u00e7a do PCdoB. Desde muito jovem, Renato entregou sua milit\u00e2ncia, intelig\u00eancia e energia \u00e0 defesa dos trabalhadores, do socialismo e do Brasil. Enfrentou a ditadura, a persegui\u00e7\u00e3o e o ex\u00edlio\u201d, disse, nas redes sociais, a ministra-chefe da Secretaria de Rela\u00e7\u00f5es Institucionais do Governo Lula, Gleisi Hoffmann.<br \/>\nA deputada pelo PCdoB, Jandira Feghali, tamb\u00e9m prestou homenagem ao l\u00edder do partido.<br \/>\nHoje me despe\u00e7o com profunda tristeza de um grande amigo, refer\u00eancia ideol\u00f3gica, pol\u00edtica e de afeto, que presidiu nosso PCdoB por d\u00e9cadas, e um dos maiores construtores da hist\u00f3ria do Brasil. Renato dedicou a vida inteira \u00e0 luta pela democracia, pela soberania nacional, por direitos e pelo socialismo. O Brasil ficou mais pobre de ideias e de luta\u201d, disse.<\/p>\n","protected":false},"excerpt":{"rendered":"<p>Ele presidiu a sigla de 2001 a 2015 Bruno Bocchini &#8211; Rep\u00f3rter da Ag\u00eancia Brasil Morreu neste domingo (15), aos 83 anos, o ex-presidente do Partido Comunista do Brasil (PCdoB) Renato Rabello. Ele presidiu a sigla de 2001 a 2015. A morte foi confirmada pelo partido, em nota. \u201c[O PCdoB] expressa o sentimento de consterna\u00e7\u00e3o [&hellip;]<\/p>\n","protected":false},"author":2,"featured_media":41514,"comment_status":"open","ping_status":"open","sticky":false,"template":"","format":"standard","meta":{"footnotes":""},"categories":[61],"tags":[],"_links":{"self":[{"href":"https:\/\/sabuguinho.com.br\/site\/wp-json\/wp\/v2\/posts\/41512"}],"collection":[{"href":"https:\/\/sabuguinho.com.br\/site\/wp-json\/wp\/v2\/posts"}],"about":[{"href":"https:\/\/sabuguinho.com.br\/site\/wp-json\/wp\/v2\/types\/post"}],"author":[{"embeddable":true,"href":"https:\/\/sabuguinho.com.br\/site\/wp-json\/wp\/v2\/users\/2"}],"replies":[{"embeddable":true,"href":"https:\/\/sabuguinho.com.br\/site\/wp-json\/wp\/v2\/comments?post=41512"}],"version-history":[{"count":1,"href":"https:\/\/sabuguinho.com.br\/site\/wp-json\/wp\/v2\/posts\/41512\/revisions"}],"predecessor-version":[{"id":41515,"href":"https:\/\/sabuguinho.com.br\/site\/wp-json\/wp\/v2\/posts\/41512\/revisions\/41515"}],"wp:featuredmedia":[{"embeddable":true,"href":"https:\/\/sabuguinho.com.br\/site\/wp-json\/wp\/v2\/media\/41514"}],"wp:attachment":[{"href":"https:\/\/sabuguinho.com.br\/site\/wp-json\/wp\/v2\/media?parent=41512"}],"wp:term":[{"taxonomy":"category","embeddable":true,"href":"https:\/\/sabuguinho.com.br\/site\/wp-json\/wp\/v2\/categories?post=41512"},{"taxonomy":"post_tag","embeddable":true,"href":"https:\/\/sabuguinho.com.br\/site\/wp-json\/wp\/v2\/tags?post=41512"}],"curies":[{"name":"wp","href":"https:\/\/api.w.org\/{rel}","templated":true}]}}