{"id":414,"date":"2023-11-02T16:27:53","date_gmt":"2023-11-02T19:27:53","guid":{"rendered":"https:\/\/sabuguinho.com.br\/site\/?p=414"},"modified":"2023-11-02T16:27:53","modified_gmt":"2023-11-02T19:27:53","slug":"confira-a-programacao-completa-da-53a-emapa","status":"publish","type":"post","link":"https:\/\/sabuguinho.com.br\/site\/confira-a-programacao-completa-da-53a-emapa\/","title":{"rendered":"Confira a programa\u00e7\u00e3o completa da 53\u00aa Emapa"},"content":{"rendered":"<p>Maior festa com port\u00f5es abertos do pa\u00eds traz grandes shows gratuitos, rodeio, exposi\u00e7\u00f5es e muitas outras atra\u00e7\u00f5es<\/p>\n<p>Por: REDA\u00c7\u00c3O | SECOM.<\/p>\n<p>Uma ampla programa\u00e7\u00e3o gratuita faz parte da 53\u00aa Exposi\u00e7\u00e3o Municipal Agropecu\u00e1ria e Industrial de Avar\u00e9 (Emapa) que acontece de 1\u00ba a 10 de dezembro no Parque de Exposi\u00e7\u00f5es \u201cFernando Cruz Pimentel\u201d.<br \/>\nA maior festa com port\u00f5es abertos do pa\u00eds traz grandes shows, rodeio em touros e cavalos, exposi\u00e7\u00f5es de animais, leil\u00f5es, competi\u00e7\u00f5es das mais variadas ra\u00e7as, torneio leiteiro, queima do alho, bail\u00e3o ga\u00facho e estandes com implementos e produtos ligados ao setor agropecu\u00e1rio.<br \/>\nH\u00e1 op\u00e7\u00f5es para toda a fam\u00edlia. Al\u00e9m de estacionamento gratuito, a feira conta ainda com pra\u00e7a de alimenta\u00e7\u00e3o e parque de divers\u00f5es, entre outras op\u00e7\u00f5es.<\/p>\n<p>Shows gratuitos<\/p>\n<p>A programa\u00e7\u00e3o musical da 53\u00aa Emapa foi pensada para agradar a todos os p\u00fablicos. V\u00e3o subir ao palco da feira grandes astros do sertanejo, novas estrelas do segmento e nomes da m\u00fasica eletr\u00f4nica que movimentam o p\u00fablico jovem.<br \/>\nO cantor Leonardo \u00e9 atra\u00e7\u00e3o na abertura da edi\u00e7\u00e3o. A grade segue no s\u00e1bado, 2, com dois shows: Guilherme &#038; Benuto e Dennis.<br \/>\nJ\u00e1 Hugo &#038; Guilherme e Vini Drumond encerram a primeira parte da programa\u00e7\u00e3o musical no domingo, 3 de dezembro.<\/p>\n<p>A grade de show \u00e9 retomada na quarta-feira, 6, com Trio Parada Dura e Junior Villa. Mais um nome de peso da m\u00fasica sertaneja sobe ao palco da Emapa na quinta-feira, 7: Bruno &#038; Marrone.<\/p>\n<p>J\u00e1 o astro pop Luan Santana leva o p\u00fablico ao del\u00edrio na sexta-feira, 8. O cantor L\u00e9o Giacomini \u00e9 atra\u00e7\u00e3o na sequ\u00eancia.<\/p>\n<p>O s\u00e1bado, 9, tamb\u00e9m vai ter dose dupla: Gustavo Mioto e DJ Kvsh. Uma das estrelas da edi\u00e7\u00e3o anterior, a rainha Ana Castela (foto) encerra a 53\u00aa Emapa no domingo, 10 de dezembro.<\/p>\n<p>Rodeio<\/p>\n<p>O rodeio amador, que abre espa\u00e7o para competidores da regi\u00e3o, acontece de 1\u00ba de dezembro a 3 de dezembro.<\/p>\n<p>J\u00e1 a Final Nacional de Rodeios (FNR), que recebe atletas de n\u00edvel internacional, ser\u00e1 realizada de 7 a 10 de dezembro. S\u00e3o mais de 200 mil em premia\u00e7\u00e3o.<\/p>\n<p>Avar\u00e9 recebe a competi\u00e7\u00e3o da Confedera\u00e7\u00e3o Nacional de Rodeio (CNAR) pelo segundo ano consecutivo.<\/p>\n<p>A est\u00e2ncia tur\u00edstica foi escolhida gra\u00e7as aos investimentos que a Prefeitura vem fazendo em infraestrutura.<\/p>\n<p>Outra importante obra para o turismo de eventos ser\u00e1 entregue durante a 53\u00aa Emapa: a inaugura\u00e7\u00e3o da cobertura da Arena de Eventos Avar\u00e9.<\/p>\n<p>O espa\u00e7o inaugurado em 2022 tem capacidade para 40 mil pessoas. A t\u00edtulo de compara\u00e7\u00e3o: o famoso Est\u00e1dio de Rodeios de Barretos em formato de ferradura tem capacidade para 35 mil pessoas sentadas.<\/p>\n<p>A 53\u00aa Emapa \u00e9 uma realiza\u00e7\u00e3o da Prefeitura da Est\u00e2ncia Tur\u00edstica de Avar\u00e9, FNR, Organiza\u00e7\u00e3o Estrela, UniFSP e Storm Produ\u00e7\u00f5es. Confira a programa\u00e7\u00e3o di\u00e1ria da feira.<\/p>\n<p>1\u00ba de dezembro<\/p>\n<p>8 horas: entrada dos animais das ra\u00e7as Nelore, Simental brasileiro, Simental leiteiro, Simland\u00eas, Wagyu, Tapabu\u00e3, Guzer\u00e1, Santa Gertrudis, Girolando e Gir durante o dia<\/p>\n<p>20 horas: abertura oficial<\/p>\n<p>20h30: inaugura\u00e7\u00e3o da cobertura da Arena de Eventos Avar\u00e9<\/p>\n<p>21 horas: Evento Mangalarga com a participa\u00e7\u00e3o de 200 animais<\/p>\n<p>21 horas: rodeio amador<\/p>\n<p>23h30: show com o cantor Leonardo<\/p>\n<p>02 de dezembro<\/p>\n<p>Evento Mangalarga<\/p>\n<p>Rodeio amador<\/p>\n<p>Show com Guilherme &#038; Benuto e Dennis<\/p>\n<p>03 de dezembro<\/p>\n<p>Evento Mangalarga<\/p>\n<p>Final do rodeio amador<\/p>\n<p>Show com Hugo &#038; Guilherme e Vini Drumond<\/p>\n<p>04 de dezembro<\/p>\n<p>Torneio Leiteiro: 04 a 07 de dezembro<\/p>\n<p>05 de dezembro<\/p>\n<p>Palestras da Raiar Org\u00e2nicos e 2\u00ba F\u00f3rum Internacional de Gr\u00e3os Org\u00e2nicos da Folio<\/p>\n<p>06 de dezembro<\/p>\n<p>Show com Trio Parada Dura e Junior Villa<\/p>\n<p>07 de dezembro<\/p>\n<p>Julgamento do Torneio Leiteiro de 07 a 09 de dezembro<\/p>\n<p>Julgamento da ra\u00e7a Santa Gertrudis<\/p>\n<p>Final Nacional de Rodeio em touros e cavalos<\/p>\n<p>Show com Bruno &#038; Marrone<\/p>\n<p>08 de dezembro<\/p>\n<p>Julgamento de mulas<\/p>\n<p>Julgamento das ra\u00e7as Nelore, Wagyu e Tapabu\u00e3<\/p>\n<p>Ranch Sorting com participa\u00e7\u00e3o de 200 animais<\/p>\n<p>Prova Team Penning<\/p>\n<p>Final Nacional de Rodeio em touros e cavalos<\/p>\n<p>Show com Luan Santana e L\u00e9o Giacomini<\/p>\n<p>09 de dezembro<\/p>\n<p>Julgamento de mulas<\/p>\n<p>Julgamento das ra\u00e7as Simental brasileiro, Simental leiteiro, Simland\u00eas, Wagyu, Tapabu\u00e3, Girolando e Santa Gertrudis<\/p>\n<p>Queima do Alho<\/p>\n<p>Ranch Sorting<\/p>\n<p>Prova Team Penning<\/p>\n<p>Final Nacional de Rodeio em touros e cavalos<\/p>\n<p>Gustavo Mioto e DJ Kvsh<\/p>\n<p>10 de dezembro<\/p>\n<p>Ranch Sorting<\/p>\n<p>Prova Team Penning<\/p>\n<p>Final Nacional de Rodeio em touros e cavalos<\/p>\n<p>Show com Ana Castela<\/p>\n","protected":false},"excerpt":{"rendered":"<p>Maior festa com port\u00f5es abertos do pa\u00eds traz grandes shows gratuitos, rodeio, exposi\u00e7\u00f5es e muitas outras atra\u00e7\u00f5es Por: REDA\u00c7\u00c3O | SECOM. Uma ampla programa\u00e7\u00e3o gratuita faz parte da 53\u00aa Exposi\u00e7\u00e3o Municipal Agropecu\u00e1ria e Industrial de Avar\u00e9 (Emapa) que acontece de 1\u00ba a 10 de dezembro no Parque de Exposi\u00e7\u00f5es \u201cFernando Cruz Pimentel\u201d. A maior festa [&hellip;]<\/p>\n","protected":false},"author":2,"featured_media":417,"comment_status":"open","ping_status":"open","sticky":false,"template":"","format":"standard","meta":{"footnotes":""},"categories":[56],"tags":[],"_links":{"self":[{"href":"https:\/\/sabuguinho.com.br\/site\/wp-json\/wp\/v2\/posts\/414"}],"collection":[{"href":"https:\/\/sabuguinho.com.br\/site\/wp-json\/wp\/v2\/posts"}],"about":[{"href":"https:\/\/sabuguinho.com.br\/site\/wp-json\/wp\/v2\/types\/post"}],"author":[{"embeddable":true,"href":"https:\/\/sabuguinho.com.br\/site\/wp-json\/wp\/v2\/users\/2"}],"replies":[{"embeddable":true,"href":"https:\/\/sabuguinho.com.br\/site\/wp-json\/wp\/v2\/comments?post=414"}],"version-history":[{"count":1,"href":"https:\/\/sabuguinho.com.br\/site\/wp-json\/wp\/v2\/posts\/414\/revisions"}],"predecessor-version":[{"id":418,"href":"https:\/\/sabuguinho.com.br\/site\/wp-json\/wp\/v2\/posts\/414\/revisions\/418"}],"wp:featuredmedia":[{"embeddable":true,"href":"https:\/\/sabuguinho.com.br\/site\/wp-json\/wp\/v2\/media\/417"}],"wp:attachment":[{"href":"https:\/\/sabuguinho.com.br\/site\/wp-json\/wp\/v2\/media?parent=414"}],"wp:term":[{"taxonomy":"category","embeddable":true,"href":"https:\/\/sabuguinho.com.br\/site\/wp-json\/wp\/v2\/categories?post=414"},{"taxonomy":"post_tag","embeddable":true,"href":"https:\/\/sabuguinho.com.br\/site\/wp-json\/wp\/v2\/tags?post=414"}],"curies":[{"name":"wp","href":"https:\/\/api.w.org\/{rel}","templated":true}]}}