{"id":4114,"date":"2024-02-22T12:12:30","date_gmt":"2024-02-22T15:12:30","guid":{"rendered":"https:\/\/sabuguinho.com.br\/site\/?p=4114"},"modified":"2024-02-22T12:12:30","modified_gmt":"2024-02-22T15:12:30","slug":"municipe-usa-tribuna-e-pede-mais-atencao-ao-residencial-mario-emilio-bannwart","status":"publish","type":"post","link":"https:\/\/sabuguinho.com.br\/site\/municipe-usa-tribuna-e-pede-mais-atencao-ao-residencial-mario-emilio-bannwart\/","title":{"rendered":"Mun\u00edcipe usa tribuna e pede mais aten\u00e7\u00e3o ao Residencial \u201cM\u00e1rio Em\u00edlio Bannwart"},"content":{"rendered":"<p>DA ASSESSORIA<\/p>\n<p>Vereadores ouviram as reivindica\u00e7\u00f5es durante a segunda sess\u00e3o ordin\u00e1ria do ano, na ter\u00e7a-feira (20)<br \/>\nFazendo uso do espa\u00e7o Tribuna Livre na sess\u00e3o de C\u00e2mara realizada na ter\u00e7a-feira, 20, o morador do Residencial \u201cM\u00e1rio Em\u00edlio Bannwart\u201d, Luiz Fernando Corr\u00eaa Ribeiro, pediu mais aten\u00e7\u00e3o das autoridades municipais a uma das localidades mais populosas da periferia de Avar\u00e9.<br \/>\nInaugurado h\u00e1 cerca de uma d\u00e9cada na Zona Leste da cidade, o bairro com aproximadamente 2 mil moradores e 653 casas necessita de algumas benfeitorias como limpeza de bueiros, instala\u00e7\u00e3o de redutores de velocidade em pelo menos duas vias, pintura de faixas de pedestres e rampa de acesso para deficientes nas imedia\u00e7\u00f5es do ponto de \u00f4nibus. \u201cS\u00e3o muitas crian\u00e7as que passam pelas ruas a caminho da escola e o risco de acidentes \u00e9 grande\u201d, disse Luiz Fernando que, inclusive, mostrou uma foto de um acidente recente ocorrido por volta das 7 horas da manh\u00e3, no qual o motorista n\u00e3o conseguiu frear o ve\u00edculo a tempo indo cair em um barranco. \u201cSe o carro n\u00e3o conseguiu parar, imagine se tivesse alguma crian\u00e7a na frente\u201d, alertou.<br \/>\nOutro problema antigo, segundo Luiz Fernando, \u00e9 o ac\u00famulo de lixo bem na entrada do bairro. \u201cTem morador que joga seu lixo no local, mas 90% vem das ch\u00e1caras vizinhas. A prefeitura limpa e no dia seguinte o lixo est\u00e1 l\u00e1 de novo. At\u00e9 tinha uma lixeira, mas foi retirada\u201d.<br \/>\nDemora nas consultas<br \/>\nO morador aproveitou para registrar o problema na demora das consultas no posto de sa\u00fade do bairro. Segundo Luiz Fernando, o atendimento m\u00e9dico depois de agendado leva cerca de 20 dias para acontecer. \u201cImagina voc\u00ea ficar 20 dias com dor de dente, \u00e9 dif\u00edcil. Al\u00e9m disso o posto est\u00e1 precisando de limpeza, o mato est\u00e1 alto tem telas ca\u00eddas em volta. Nosso bairro \u00e9 como outro qualquer, n\u00e3o tem diferen\u00e7a, precisamos de mais olhar das autoridades para o bairro, mais aten\u00e7\u00e3o\u201d, concluiu o morador.<\/p>\n","protected":false},"excerpt":{"rendered":"<p>DA ASSESSORIA Vereadores ouviram as reivindica\u00e7\u00f5es durante a segunda sess\u00e3o ordin\u00e1ria do ano, na ter\u00e7a-feira (20) Fazendo uso do espa\u00e7o Tribuna Livre na sess\u00e3o de C\u00e2mara realizada na ter\u00e7a-feira, 20, o morador do Residencial \u201cM\u00e1rio Em\u00edlio Bannwart\u201d, Luiz Fernando Corr\u00eaa Ribeiro, pediu mais aten\u00e7\u00e3o das autoridades municipais a uma das localidades mais populosas da periferia [&hellip;]<\/p>\n","protected":false},"author":2,"featured_media":4115,"comment_status":"open","ping_status":"open","sticky":false,"template":"","format":"standard","meta":{"footnotes":""},"categories":[58],"tags":[],"class_list":["post-4114","post","type-post","status-publish","format-standard","has-post-thumbnail","hentry","category-noticias-locais"],"_links":{"self":[{"href":"https:\/\/sabuguinho.com.br\/site\/wp-json\/wp\/v2\/posts\/4114","targetHints":{"allow":["GET"]}}],"collection":[{"href":"https:\/\/sabuguinho.com.br\/site\/wp-json\/wp\/v2\/posts"}],"about":[{"href":"https:\/\/sabuguinho.com.br\/site\/wp-json\/wp\/v2\/types\/post"}],"author":[{"embeddable":true,"href":"https:\/\/sabuguinho.com.br\/site\/wp-json\/wp\/v2\/users\/2"}],"replies":[{"embeddable":true,"href":"https:\/\/sabuguinho.com.br\/site\/wp-json\/wp\/v2\/comments?post=4114"}],"version-history":[{"count":2,"href":"https:\/\/sabuguinho.com.br\/site\/wp-json\/wp\/v2\/posts\/4114\/revisions"}],"predecessor-version":[{"id":4117,"href":"https:\/\/sabuguinho.com.br\/site\/wp-json\/wp\/v2\/posts\/4114\/revisions\/4117"}],"wp:featuredmedia":[{"embeddable":true,"href":"https:\/\/sabuguinho.com.br\/site\/wp-json\/wp\/v2\/media\/4115"}],"wp:attachment":[{"href":"https:\/\/sabuguinho.com.br\/site\/wp-json\/wp\/v2\/media?parent=4114"}],"wp:term":[{"taxonomy":"category","embeddable":true,"href":"https:\/\/sabuguinho.com.br\/site\/wp-json\/wp\/v2\/categories?post=4114"},{"taxonomy":"post_tag","embeddable":true,"href":"https:\/\/sabuguinho.com.br\/site\/wp-json\/wp\/v2\/tags?post=4114"}],"curies":[{"name":"wp","href":"https:\/\/api.w.org\/{rel}","templated":true}]}}