{"id":4104,"date":"2024-02-22T11:32:10","date_gmt":"2024-02-22T14:32:10","guid":{"rendered":"https:\/\/sabuguinho.com.br\/site\/?p=4104"},"modified":"2024-02-22T11:32:10","modified_gmt":"2024-02-22T14:32:10","slug":"prefeito-jo-silvestre-faz-entrega-oficial-de-equipamentos-ao-corpo-de-bombeiros","status":"publish","type":"post","link":"https:\/\/sabuguinho.com.br\/site\/prefeito-jo-silvestre-faz-entrega-oficial-de-equipamentos-ao-corpo-de-bombeiros\/","title":{"rendered":"PREFEITO J\u00d4 SILVESTRE FAZ ENTREGA OFICIAL DE EQUIPAMENTOS AO CORPO DE BOMBEIROS"},"content":{"rendered":"<p>O prefeito J\u00f4 Silvestre fez a entrega oficial de materiais de salvamento ao Corpo de Bombeiros durante solenidade realizada na quarta-feira, 21, em Avar\u00e9.<br \/>\nO investimento do munic\u00edpio na aquisi\u00e7\u00e3o dos equipamentos supera R$ 757 mil. Al\u00e9m disso, entre 2022 e 2023, foram aplicados outros R$ 762 mil na compra duas viaturas, uma caminhonete e uma moto-aqu\u00e1tica.<br \/>\n&#8220;Investir no Corpo de Bombeiros \u00e9 salvar vidas. Essa tem sido uma premissa da nossa administra\u00e7\u00e3o desde o primeiro dia de governo&#8221;, ressaltou o prefeito.<br \/>\nA cerim\u00f4nia contou com a presen\u00e7a do 1\u00ba tenente F\u00e1bio Lyrio dos Santos, comandante do pelot\u00e3o de Avar\u00e9, do capit\u00e3o Edson Winckler Filho, comandante do 5\u00ba Subgrupamento de Bombeiros de Botucatu, do vereador Roberto Ara\u00fajo, l\u00edder do prefeito no Legislativo, e do assessor Marcelo Zuza, al\u00e9m de convidados e demais integrantes da corpora\u00e7\u00e3o.<br \/>\nEm seu pronunciamento, o capit\u00e3o Winckler agradeceu ao prefeito pelo comprometimento demonstrado ao Corpo de Bombeiros.<br \/>\nNa ocasi\u00e3o, J\u00f4 Silvestre recebeu o trof\u00e9u &#8220;Eterno Amigo do Corpo de Bombeiros&#8221; como forma de agradecimento.<br \/>\nA unidade de Avar\u00e9 \u00e9 conhecida por ser umas da mais equipados de todo o Estado de S\u00e3o Paulo.<\/p>\n<p>Kits<\/p>\n<p>Cada bombeiro recebeu um kit com material para uso individual de salvamento terrestre, em alturas e aqu\u00e1tico, m\u00e1scara de mergulho, capacete, bota, luva, corda e m\u00e1scara de prote\u00e7\u00e3o respirat\u00f3ria contra inc\u00eandio, entre outros equipamentos.<br \/>\nAl\u00e9m disso, h\u00e1 uma unidade de resgate j\u00e1 em processo de adapta\u00e7\u00e3o para posterior entrega, bem como uma caminhonete para opera\u00e7\u00f5es de mergulho. Ambas j\u00e1 passaram por licita\u00e7\u00e3o. O investimento \u00e9 de quase R$ 700 mil.<br \/>\nO investimento da Prefeitura de Avar\u00e9 foi viabilizado por meio de recursos remanescentes do antigo Fundo Municipal de Bombeiros de Avar\u00e9 e Regi\u00e3o (FUMBOAR).<\/p>\n<p>Homenagem<\/p>\n<p>Al\u00e9m de materiais, a solenidade contou com a entrega da L\u00e1urea de M\u00e9rito Pessoal a bombeiros. A distin\u00e7\u00e3o \u00e9 uma homenagem aos profissionais que, em fun\u00e7\u00f5es de seus m\u00e9ritos pessoais, tiveram atos e a\u00e7\u00f5es reconhecidos pela institui\u00e7\u00e3o.<\/p>\n<p><img loading=\"lazy\" decoding=\"async\" src=\"https:\/\/sabuguinho.com.br\/site\/wp-content\/uploads\/2024\/02\/Prefeito-Jo-Silvestre-e-homenageado-pelo-capitao-Winckler-e-1o-tenente-Lyrio-150x100.jpg\" alt=\"\" width=\"150\" height=\"100\" class=\"alignnone size-medium wp-image-4105\" srcset=\"https:\/\/sabuguinho.com.br\/site\/wp-content\/uploads\/2024\/02\/Prefeito-Jo-Silvestre-e-homenageado-pelo-capitao-Winckler-e-1o-tenente-Lyrio-150x100.jpg 150w, https:\/\/sabuguinho.com.br\/site\/wp-content\/uploads\/2024\/02\/Prefeito-Jo-Silvestre-e-homenageado-pelo-capitao-Winckler-e-1o-tenente-Lyrio-512x341.jpg 512w, https:\/\/sabuguinho.com.br\/site\/wp-content\/uploads\/2024\/02\/Prefeito-Jo-Silvestre-e-homenageado-pelo-capitao-Winckler-e-1o-tenente-Lyrio-768x512.jpg 768w, https:\/\/sabuguinho.com.br\/site\/wp-content\/uploads\/2024\/02\/Prefeito-Jo-Silvestre-e-homenageado-pelo-capitao-Winckler-e-1o-tenente-Lyrio-1536x1024.jpg 1536w, https:\/\/sabuguinho.com.br\/site\/wp-content\/uploads\/2024\/02\/Prefeito-Jo-Silvestre-e-homenageado-pelo-capitao-Winckler-e-1o-tenente-Lyrio-2048x1365.jpg 2048w, https:\/\/sabuguinho.com.br\/site\/wp-content\/uploads\/2024\/02\/Prefeito-Jo-Silvestre-e-homenageado-pelo-capitao-Winckler-e-1o-tenente-Lyrio-750x500.jpg 750w, https:\/\/sabuguinho.com.br\/site\/wp-content\/uploads\/2024\/02\/Prefeito-Jo-Silvestre-e-homenageado-pelo-capitao-Winckler-e-1o-tenente-Lyrio-1140x760.jpg 1140w\" sizes=\"auto, (max-width: 150px) 100vw, 150px\" \/><\/p>\n<p><img loading=\"lazy\" decoding=\"async\" src=\"https:\/\/sabuguinho.com.br\/site\/wp-content\/uploads\/2024\/02\/Prefeito-Jo-Silvestre-discursa-durante-solenidade-150x100.jpg\" alt=\"\" width=\"150\" height=\"100\" class=\"alignnone size-medium wp-image-4106\" srcset=\"https:\/\/sabuguinho.com.br\/site\/wp-content\/uploads\/2024\/02\/Prefeito-Jo-Silvestre-discursa-durante-solenidade-150x100.jpg 150w, https:\/\/sabuguinho.com.br\/site\/wp-content\/uploads\/2024\/02\/Prefeito-Jo-Silvestre-discursa-durante-solenidade-512x341.jpg 512w, https:\/\/sabuguinho.com.br\/site\/wp-content\/uploads\/2024\/02\/Prefeito-Jo-Silvestre-discursa-durante-solenidade-768x512.jpg 768w, https:\/\/sabuguinho.com.br\/site\/wp-content\/uploads\/2024\/02\/Prefeito-Jo-Silvestre-discursa-durante-solenidade-1536x1024.jpg 1536w, https:\/\/sabuguinho.com.br\/site\/wp-content\/uploads\/2024\/02\/Prefeito-Jo-Silvestre-discursa-durante-solenidade-2048x1365.jpg 2048w, https:\/\/sabuguinho.com.br\/site\/wp-content\/uploads\/2024\/02\/Prefeito-Jo-Silvestre-discursa-durante-solenidade-750x500.jpg 750w, https:\/\/sabuguinho.com.br\/site\/wp-content\/uploads\/2024\/02\/Prefeito-Jo-Silvestre-discursa-durante-solenidade-1140x760.jpg 1140w\" sizes=\"auto, (max-width: 150px) 100vw, 150px\" \/><\/p>\n<p><img loading=\"lazy\" decoding=\"async\" src=\"https:\/\/sabuguinho.com.br\/site\/wp-content\/uploads\/2024\/02\/Prefeito-e-autoridades-durante-solenidade-150x100.jpg\" alt=\"\" width=\"150\" height=\"100\" class=\"alignnone size-medium wp-image-4107\" srcset=\"https:\/\/sabuguinho.com.br\/site\/wp-content\/uploads\/2024\/02\/Prefeito-e-autoridades-durante-solenidade-150x100.jpg 150w, https:\/\/sabuguinho.com.br\/site\/wp-content\/uploads\/2024\/02\/Prefeito-e-autoridades-durante-solenidade-512x341.jpg 512w, https:\/\/sabuguinho.com.br\/site\/wp-content\/uploads\/2024\/02\/Prefeito-e-autoridades-durante-solenidade-768x512.jpg 768w, https:\/\/sabuguinho.com.br\/site\/wp-content\/uploads\/2024\/02\/Prefeito-e-autoridades-durante-solenidade-1536x1024.jpg 1536w, https:\/\/sabuguinho.com.br\/site\/wp-content\/uploads\/2024\/02\/Prefeito-e-autoridades-durante-solenidade-2048x1365.jpg 2048w, https:\/\/sabuguinho.com.br\/site\/wp-content\/uploads\/2024\/02\/Prefeito-e-autoridades-durante-solenidade-750x500.jpg 750w, https:\/\/sabuguinho.com.br\/site\/wp-content\/uploads\/2024\/02\/Prefeito-e-autoridades-durante-solenidade-1140x760.jpg 1140w\" sizes=\"auto, (max-width: 150px) 100vw, 150px\" \/><\/p>\n<p><img loading=\"lazy\" decoding=\"async\" src=\"https:\/\/sabuguinho.com.br\/site\/wp-content\/uploads\/2024\/02\/Bombeiros-foram-homenageados-durante-solenidade-150x100.jpg\" alt=\"\" width=\"150\" height=\"100\" class=\"alignnone size-medium wp-image-4108\" srcset=\"https:\/\/sabuguinho.com.br\/site\/wp-content\/uploads\/2024\/02\/Bombeiros-foram-homenageados-durante-solenidade-150x100.jpg 150w, https:\/\/sabuguinho.com.br\/site\/wp-content\/uploads\/2024\/02\/Bombeiros-foram-homenageados-durante-solenidade-512x341.jpg 512w, https:\/\/sabuguinho.com.br\/site\/wp-content\/uploads\/2024\/02\/Bombeiros-foram-homenageados-durante-solenidade-768x512.jpg 768w, https:\/\/sabuguinho.com.br\/site\/wp-content\/uploads\/2024\/02\/Bombeiros-foram-homenageados-durante-solenidade-1536x1024.jpg 1536w, https:\/\/sabuguinho.com.br\/site\/wp-content\/uploads\/2024\/02\/Bombeiros-foram-homenageados-durante-solenidade-2048x1365.jpg 2048w, https:\/\/sabuguinho.com.br\/site\/wp-content\/uploads\/2024\/02\/Bombeiros-foram-homenageados-durante-solenidade-750x500.jpg 750w, https:\/\/sabuguinho.com.br\/site\/wp-content\/uploads\/2024\/02\/Bombeiros-foram-homenageados-durante-solenidade-1140x760.jpg 1140w\" sizes=\"auto, (max-width: 150px) 100vw, 150px\" \/><\/p>\n","protected":false},"excerpt":{"rendered":"<p>O prefeito J\u00f4 Silvestre fez a entrega oficial de materiais de salvamento ao Corpo de Bombeiros durante solenidade realizada na quarta-feira, 21, em Avar\u00e9. O investimento do munic\u00edpio na aquisi\u00e7\u00e3o dos equipamentos supera R$ 757 mil. Al\u00e9m disso, entre 2022 e 2023, foram aplicados outros R$ 762 mil na compra duas viaturas, uma caminhonete e [&hellip;]<\/p>\n","protected":false},"author":2,"featured_media":4109,"comment_status":"open","ping_status":"open","sticky":false,"template":"","format":"standard","meta":{"footnotes":""},"categories":[58],"tags":[],"class_list":["post-4104","post","type-post","status-publish","format-standard","has-post-thumbnail","hentry","category-noticias-locais"],"_links":{"self":[{"href":"https:\/\/sabuguinho.com.br\/site\/wp-json\/wp\/v2\/posts\/4104","targetHints":{"allow":["GET"]}}],"collection":[{"href":"https:\/\/sabuguinho.com.br\/site\/wp-json\/wp\/v2\/posts"}],"about":[{"href":"https:\/\/sabuguinho.com.br\/site\/wp-json\/wp\/v2\/types\/post"}],"author":[{"embeddable":true,"href":"https:\/\/sabuguinho.com.br\/site\/wp-json\/wp\/v2\/users\/2"}],"replies":[{"embeddable":true,"href":"https:\/\/sabuguinho.com.br\/site\/wp-json\/wp\/v2\/comments?post=4104"}],"version-history":[{"count":1,"href":"https:\/\/sabuguinho.com.br\/site\/wp-json\/wp\/v2\/posts\/4104\/revisions"}],"predecessor-version":[{"id":4110,"href":"https:\/\/sabuguinho.com.br\/site\/wp-json\/wp\/v2\/posts\/4104\/revisions\/4110"}],"wp:featuredmedia":[{"embeddable":true,"href":"https:\/\/sabuguinho.com.br\/site\/wp-json\/wp\/v2\/media\/4109"}],"wp:attachment":[{"href":"https:\/\/sabuguinho.com.br\/site\/wp-json\/wp\/v2\/media?parent=4104"}],"wp:term":[{"taxonomy":"category","embeddable":true,"href":"https:\/\/sabuguinho.com.br\/site\/wp-json\/wp\/v2\/categories?post=4104"},{"taxonomy":"post_tag","embeddable":true,"href":"https:\/\/sabuguinho.com.br\/site\/wp-json\/wp\/v2\/tags?post=4104"}],"curies":[{"name":"wp","href":"https:\/\/api.w.org\/{rel}","templated":true}]}}