{"id":4086,"date":"2024-02-21T21:35:22","date_gmt":"2024-02-22T00:35:22","guid":{"rendered":"https:\/\/sabuguinho.com.br\/site\/?p=4086"},"modified":"2024-02-21T21:35:22","modified_gmt":"2024-02-22T00:35:22","slug":"botucatu-comunidade-da-paroquia-santissimo-sacramento-celebra-21-anos-de-fe-e-devocao-com-delicias-da-culinaria-de-quermesse","status":"publish","type":"post","link":"https:\/\/sabuguinho.com.br\/site\/botucatu-comunidade-da-paroquia-santissimo-sacramento-celebra-21-anos-de-fe-e-devocao-com-delicias-da-culinaria-de-quermesse\/","title":{"rendered":"Botucatu: Comunidade da Par\u00f3quia Sant\u00edssimo Sacramento celebra 21 anos de f\u00e9 e devo\u00e7\u00e3o com del\u00edcias da culin\u00e1ria de quermesse"},"content":{"rendered":"<p>No pr\u00f3ximo s\u00e1bado, dia 24 de fevereiro, a comunidade da Par\u00f3quia Sant\u00edssimo Sacramento, localizada na Regi\u00e3o do Bairro dos Comerci\u00e1rios, em Botucatu, estar\u00e1 em festa para comemorar seus 21 anos de exist\u00eancia. Este marco significativo ser\u00e1 celebrado com uma s\u00e9rie de eventos festivos e religiosos.<br \/>\nA celebra\u00e7\u00e3o ter\u00e1 in\u00edcio \u00e0s 18h com a Santa Missa Festiva, que ser\u00e1 presidida pelo estimado Pe. Marco Raphael, P\u00e1roco da comunidade. A cerim\u00f4nia contar\u00e1 com a participa\u00e7\u00e3o de todos os agentes de Pastorais e Movimentos da Par\u00f3quia, refor\u00e7ando o esp\u00edrito de uni\u00e3o e comunh\u00e3o que caracteriza essa comunidade.<br \/>\nAp\u00f3s a Celebra\u00e7\u00e3o Eucar\u00edstica, os fi\u00e9is poder\u00e3o desfrutar de uma parte recreativa especialmente preparada para a ocasi\u00e3o. O tradicional \u201cShow de Pr\u00eamios\u201d promete animar a todos, enquanto a Pra\u00e7a de Alimenta\u00e7\u00e3o oferecer\u00e1 uma variedade de del\u00edcias, com destaque para o X-Sant\u00edssimo, um sandu\u00edche especial criado em homenagem \u00e0 Par\u00f3quia.<br \/>\nA Pra\u00e7a de Alimenta\u00e7\u00e3o, com comida t\u00edpica de quermesse, oferecer\u00e1 uma sele\u00e7\u00e3o de espetinhos, past\u00e9is, sorvetes e bebidas para todos os gostos. \u00c9 importante ressaltar que toda a renda arrecadada ser\u00e1 revertida para a manuten\u00e7\u00e3o da Par\u00f3quia, que recentemente adquiriu a t\u00e3o sonhada \u201cCasa Paroquial\u201d para servir de resid\u00eancia aos sacerdotes que dedicam suas vidas ao servi\u00e7o desta comunidade.<br \/>\nFundada em fevereiro de 2003 pelo ent\u00e3o Arcebispo Metropolitano de Botucatu, Dom Aloysio Jos\u00e9 Leal Penna, a Par\u00f3quia Sant\u00edssimo Sacramento abrange uma vasta \u00e1rea, incluindo n\u00e3o apenas o Bairro dos Comerci\u00e1rios, mas tamb\u00e9m a Vila Jardim, Cohab 5 e 6, al\u00e9m dos bairros Santo Ant\u00f4nio de Sorocaba e Anhumas na Regi\u00e3o da Serra de Botucatu. Reconhecida por sua vitalidade e participa\u00e7\u00e3o ativa, a comunidade \u00e9 aclamada por suas festividades e profundidade espiritual.<\/p>\n<p>Servi\u00e7o:<\/p>\n<p>Evento: Festa dos 21 anos da Par\u00f3quia Sant\u00edssimo Sacramento<\/p>\n<p>Data: S\u00e1bado, 24 de fevereiro de 2024<\/p>\n<p>Hor\u00e1rio: A partir das 18h<\/p>\n<p>Local: Barrac\u00e3o de Eventos da Par\u00f3quia, Bairro dos Comerci\u00e1rios<\/p>\n<p><img loading=\"lazy\" decoding=\"async\" src=\"https:\/\/sabuguinho.com.br\/site\/wp-content\/uploads\/2024\/02\/WhatsApp-Image-2024-02-19-at-15.12.54-768x768-1-150x150.jpeg\" alt=\"\" width=\"150\" height=\"150\" class=\"alignnone size-medium wp-image-4087\" srcset=\"https:\/\/sabuguinho.com.br\/site\/wp-content\/uploads\/2024\/02\/WhatsApp-Image-2024-02-19-at-15.12.54-768x768-1-150x150.jpeg 150w, https:\/\/sabuguinho.com.br\/site\/wp-content\/uploads\/2024\/02\/WhatsApp-Image-2024-02-19-at-15.12.54-768x768-1-512x512.jpeg 512w, https:\/\/sabuguinho.com.br\/site\/wp-content\/uploads\/2024\/02\/WhatsApp-Image-2024-02-19-at-15.12.54-768x768-1-75x75.jpeg 75w, https:\/\/sabuguinho.com.br\/site\/wp-content\/uploads\/2024\/02\/WhatsApp-Image-2024-02-19-at-15.12.54-768x768-1-750x750.jpeg 750w, https:\/\/sabuguinho.com.br\/site\/wp-content\/uploads\/2024\/02\/WhatsApp-Image-2024-02-19-at-15.12.54-768x768-1.jpeg 768w\" sizes=\"auto, (max-width: 150px) 100vw, 150px\" \/><\/p>\n","protected":false},"excerpt":{"rendered":"<p>No pr\u00f3ximo s\u00e1bado, dia 24 de fevereiro, a comunidade da Par\u00f3quia Sant\u00edssimo Sacramento, localizada na Regi\u00e3o do Bairro dos Comerci\u00e1rios, em Botucatu, estar\u00e1 em festa para comemorar seus 21 anos de exist\u00eancia. Este marco significativo ser\u00e1 celebrado com uma s\u00e9rie de eventos festivos e religiosos. A celebra\u00e7\u00e3o ter\u00e1 in\u00edcio \u00e0s 18h com a Santa Missa [&hellip;]<\/p>\n","protected":false},"author":2,"featured_media":4088,"comment_status":"open","ping_status":"open","sticky":false,"template":"","format":"standard","meta":{"footnotes":""},"categories":[51],"tags":[],"class_list":["post-4086","post","type-post","status-publish","format-standard","has-post-thumbnail","hentry","category-noticias-regionais"],"_links":{"self":[{"href":"https:\/\/sabuguinho.com.br\/site\/wp-json\/wp\/v2\/posts\/4086","targetHints":{"allow":["GET"]}}],"collection":[{"href":"https:\/\/sabuguinho.com.br\/site\/wp-json\/wp\/v2\/posts"}],"about":[{"href":"https:\/\/sabuguinho.com.br\/site\/wp-json\/wp\/v2\/types\/post"}],"author":[{"embeddable":true,"href":"https:\/\/sabuguinho.com.br\/site\/wp-json\/wp\/v2\/users\/2"}],"replies":[{"embeddable":true,"href":"https:\/\/sabuguinho.com.br\/site\/wp-json\/wp\/v2\/comments?post=4086"}],"version-history":[{"count":1,"href":"https:\/\/sabuguinho.com.br\/site\/wp-json\/wp\/v2\/posts\/4086\/revisions"}],"predecessor-version":[{"id":4089,"href":"https:\/\/sabuguinho.com.br\/site\/wp-json\/wp\/v2\/posts\/4086\/revisions\/4089"}],"wp:featuredmedia":[{"embeddable":true,"href":"https:\/\/sabuguinho.com.br\/site\/wp-json\/wp\/v2\/media\/4088"}],"wp:attachment":[{"href":"https:\/\/sabuguinho.com.br\/site\/wp-json\/wp\/v2\/media?parent=4086"}],"wp:term":[{"taxonomy":"category","embeddable":true,"href":"https:\/\/sabuguinho.com.br\/site\/wp-json\/wp\/v2\/categories?post=4086"},{"taxonomy":"post_tag","embeddable":true,"href":"https:\/\/sabuguinho.com.br\/site\/wp-json\/wp\/v2\/tags?post=4086"}],"curies":[{"name":"wp","href":"https:\/\/api.w.org\/{rel}","templated":true}]}}