{"id":40500,"date":"2026-01-20T12:12:52","date_gmt":"2026-01-20T15:12:52","guid":{"rendered":"https:\/\/sabuguinho.com.br\/site\/?p=40500"},"modified":"2026-01-20T12:12:52","modified_gmt":"2026-01-20T15:12:52","slug":"avare-reforca-acoes-de-prevencao-contra-a-dengue-enquanto-aguarda-a-ampliacao-da-vacinacao","status":"publish","type":"post","link":"https:\/\/sabuguinho.com.br\/site\/avare-reforca-acoes-de-prevencao-contra-a-dengue-enquanto-aguarda-a-ampliacao-da-vacinacao\/","title":{"rendered":"Avar\u00e9 refor\u00e7a a\u00e7\u00f5es de preven\u00e7\u00e3o contra a dengue, enquanto aguarda a amplia\u00e7\u00e3o da vacina\u00e7\u00e3o"},"content":{"rendered":"<p>A Secretaria Municipal da Sa\u00fade de Avar\u00e9 segue com a\u00e7\u00f5es de vigil\u00e2ncia, controle e orienta\u00e7\u00e3o \u00e0 popula\u00e7\u00e3o<\/p>\n<p>Por: REDA\u00c7\u00c3O | SECOM<\/p>\n<p>Avar\u00e9 n\u00e3o foi inclu\u00edda na etapa piloto nacional de vacina\u00e7\u00e3o contra a dengue e refor\u00e7a a\u00e7\u00f5es de preven\u00e7\u00e3o enquanto aguarda a amplia\u00e7\u00e3o da vacina\u00e7\u00e3o.<br \/>\nDiante da chegada do ver\u00e3o e do cen\u00e1rio de aten\u00e7\u00e3o com a dengue no Brasil, \u00e9 natural que mun\u00edcipes questionem por que Avar\u00e9 ainda n\u00e3o deu in\u00edcio \u00e0 vacina\u00e7\u00e3o contra a doen\u00e7a transmitida pelo mosquito Aedes aegypti.<br \/>\nA Secretaria Municipal da Sa\u00fade esclarece que o munic\u00edpio n\u00e3o foi contemplado nesta etapa, porque a vacina\u00e7\u00e3o contra a dengue est\u00e1 sendo realizada por meio de uma estrat\u00e9gia piloto nacional, que foi definida pelo Minist\u00e9rio da Sa\u00fade.<\/p>\n<p>Crit\u00e9rios<\/p>\n<p>O Minist\u00e9rio da Sa\u00fade iniciou a vacina\u00e7\u00e3o com a vacina Butantan-DV, 100% nacional e de dose \u00fanica, em apenas tr\u00eas munic\u00edpios brasileiros: Botucatu (SP), Maranguape (CE) e Nova Lima (MG).<br \/>\nA escolha dessas cidades seguiu crit\u00e9rios t\u00e9cnicos, como:<br \/>\n* Capacidade da rede de sa\u00fade para vacina\u00e7\u00e3o em massa;<br \/>\n* Estrutura para monitoramento epidemiol\u00f3gico detalhado;<br \/>\n* Hist\u00f3rico e experi\u00eancia em estudos de efetividade vacinal;<br \/>\n* Possibilidade de acompanhamento da vacina\u00e7\u00e3o e da incid\u00eancia da dengue por um per\u00edodo m\u00ednimo de um ano.<br \/>\nO objetivo da estrat\u00e9gia \u00e9 avaliar o impacto da vacina\u00e7\u00e3o na transmiss\u00e3o da dengue, produzir evid\u00eancias cient\u00edficas e, a partir desses resultados, orientar a amplia\u00e7\u00e3o da vacina\u00e7\u00e3o para outros munic\u00edpios do pa\u00eds.<br \/>\nO Minist\u00e9rio da Sa\u00fade informa que a expans\u00e3o da vacina\u00e7\u00e3o ocorrer\u00e1 de forma gradual, conforme a disponibilidade de doses e o avan\u00e7o da produ\u00e7\u00e3o do imunizante pelo Instituto Butantan.<\/p>\n<p>De acordo com os dados da Secretaria Municipal da Sa\u00fade, Avar\u00e9 registra:<br \/>\n1 caso reagente confirmado;<\/p>\n<p>1 caso em investiga\u00e7\u00e3o;<br \/>\n6 casos descartados (negativos).<\/p>\n<p>A Secretaria Municipal da Sa\u00fade segue monitorando os casos e mantendo as a\u00e7\u00f5es de vigil\u00e2ncia, controle e orienta\u00e7\u00e3o \u00e0 popula\u00e7\u00e3o.<br \/>\nEnquanto a vacina\u00e7\u00e3o contra a dengue n\u00e3o chega ao munic\u00edpio, a Secretaria Municipal de Sa\u00fade refor\u00e7a que a preven\u00e7\u00e3o continua sendo a principal forma de combate \u00e0 doen\u00e7a.<br \/>\nA participa\u00e7\u00e3o da popula\u00e7\u00e3o \u00e9 fundamental. A principal a\u00e7\u00e3o \u00e9 eliminar \u00e1gua parada em locais que possam se tornar criadouros do mosquito Aedes aegypti, recipientes precisam ser mantidos virados para baixo e caixas d\u2019\u00e1gua devem estar sempre bem vedadas e higienizadas.<br \/>\nA Secretaria ressalta que o combate \u00e0 dengue \u00e9 uma responsabilidade coletiva e que as a\u00e7\u00f5es de preven\u00e7\u00e3o devem ser mantidas durante todo o ano.<\/p>\n","protected":false},"excerpt":{"rendered":"<p>A Secretaria Municipal da Sa\u00fade de Avar\u00e9 segue com a\u00e7\u00f5es de vigil\u00e2ncia, controle e orienta\u00e7\u00e3o \u00e0 popula\u00e7\u00e3o Por: REDA\u00c7\u00c3O | SECOM Avar\u00e9 n\u00e3o foi inclu\u00edda na etapa piloto nacional de vacina\u00e7\u00e3o contra a dengue e refor\u00e7a a\u00e7\u00f5es de preven\u00e7\u00e3o enquanto aguarda a amplia\u00e7\u00e3o da vacina\u00e7\u00e3o. Diante da chegada do ver\u00e3o e do cen\u00e1rio de aten\u00e7\u00e3o [&hellip;]<\/p>\n","protected":false},"author":2,"featured_media":40501,"comment_status":"open","ping_status":"open","sticky":false,"template":"","format":"standard","meta":{"footnotes":""},"categories":[58],"tags":[],"_links":{"self":[{"href":"https:\/\/sabuguinho.com.br\/site\/wp-json\/wp\/v2\/posts\/40500"}],"collection":[{"href":"https:\/\/sabuguinho.com.br\/site\/wp-json\/wp\/v2\/posts"}],"about":[{"href":"https:\/\/sabuguinho.com.br\/site\/wp-json\/wp\/v2\/types\/post"}],"author":[{"embeddable":true,"href":"https:\/\/sabuguinho.com.br\/site\/wp-json\/wp\/v2\/users\/2"}],"replies":[{"embeddable":true,"href":"https:\/\/sabuguinho.com.br\/site\/wp-json\/wp\/v2\/comments?post=40500"}],"version-history":[{"count":1,"href":"https:\/\/sabuguinho.com.br\/site\/wp-json\/wp\/v2\/posts\/40500\/revisions"}],"predecessor-version":[{"id":40502,"href":"https:\/\/sabuguinho.com.br\/site\/wp-json\/wp\/v2\/posts\/40500\/revisions\/40502"}],"wp:featuredmedia":[{"embeddable":true,"href":"https:\/\/sabuguinho.com.br\/site\/wp-json\/wp\/v2\/media\/40501"}],"wp:attachment":[{"href":"https:\/\/sabuguinho.com.br\/site\/wp-json\/wp\/v2\/media?parent=40500"}],"wp:term":[{"taxonomy":"category","embeddable":true,"href":"https:\/\/sabuguinho.com.br\/site\/wp-json\/wp\/v2\/categories?post=40500"},{"taxonomy":"post_tag","embeddable":true,"href":"https:\/\/sabuguinho.com.br\/site\/wp-json\/wp\/v2\/tags?post=40500"}],"curies":[{"name":"wp","href":"https:\/\/api.w.org\/{rel}","templated":true}]}}