{"id":40488,"date":"2026-01-19T18:17:31","date_gmt":"2026-01-19T21:17:31","guid":{"rendered":"https:\/\/sabuguinho.com.br\/site\/?p=40488"},"modified":"2026-01-19T18:17:31","modified_gmt":"2026-01-19T21:17:31","slug":"meio-ambiente-nega-demissao-em-massa-na-coleta-de-lixo-de-avare-e-explica-processo-de-transicao","status":"publish","type":"post","link":"https:\/\/sabuguinho.com.br\/site\/meio-ambiente-nega-demissao-em-massa-na-coleta-de-lixo-de-avare-e-explica-processo-de-transicao\/","title":{"rendered":"MEIO AMBIENTE NEGA DEMISS\u00c3O EM MASSA NA COLETA DE LIXO DE AVAR\u00c9 E EXPLICA PROCESSO DE TRANSI\u00c7\u00c3O"},"content":{"rendered":"<p>Em nota oficial enviada ao A Voz do Vale nesta segunda-feira (19), por meio da Secretaria de Comunica\u00e7\u00e3o, o secret\u00e1rio municipal de Meio Ambiente de Avar\u00e9, Judesio Borges, esclareceu os rumores sobre suposta demiss\u00e3o em massa de funcion\u00e1rios da empresa Suma Servi\u00e7os Urbanos, respons\u00e1vel pela coleta de res\u00edduos na cidade, e explicou o processo de transi\u00e7\u00e3o em andamento.<br \/>\nO secret\u00e1rio explicou que os procedimentos trabalhistas observados pela empresa Suma Servi\u00e7os Urbanos est\u00e3o relacionados ao t\u00e9rmino de seu contrato emergencial com a prefeitura, marcado para 6 de fevereiro. Para cumprir o rito legal, a empresa precisa comunicar seus funcion\u00e1rios com 30 dias de anteced\u00eancia, o que configurou o aviso pr\u00e9vio j\u00e1 em curso.<br \/>\nJudesio Borges detalhou que a situa\u00e7\u00e3o dos funcion\u00e1rios ser\u00e1 definida ap\u00f3s uma nova licita\u00e7\u00e3o. O certame para escolher a empresa que assumir\u00e1 o servi\u00e7o de coleta de res\u00edduos s\u00f3lidos urbanos est\u00e1 marcado para o dia 2 de fevereiro. A empresa vencedora, seja uma nova concorrente ou a pr\u00f3pria Suma, ter\u00e1, segundo ele, \u201ctotal liberdade para repatriar novamente esses funcion\u00e1rios\u201d que est\u00e3o de aviso pr\u00e9vio.<br \/>\nO secret\u00e1rio projetou dois cen\u00e1rios. Caso uma nova empresa seja a vencedora, os trabalhadores ser\u00e3o automaticamente transferidos para seu quadro. Se a Suma vencer a licita\u00e7\u00e3o, os avisos pr\u00e9vios ser\u00e3o suspensos e todos continuar\u00e3o em suas fun\u00e7\u00f5es normalmente. \u201cEnt\u00e3o n\u00e3o haver\u00e1 demiss\u00e3o em massa. Os funcion\u00e1rios ser\u00e3o repatriados\u201d, afirmou.<br \/>\nAo final, Judesio Borges criticou a not\u00edcia original, classificando-a como \u201cinfundada\u201d e geradora de \u201calarde\u201d desnecess\u00e1rio. Ele refor\u00e7ou que as fun\u00e7\u00f5es essenciais, como a de coletor e motorista, ser\u00e3o mantidas e reaproveitadas pela futura contratada, garantindo a normalidade do servi\u00e7o p\u00fablico ap\u00f3s a transi\u00e7\u00e3o.<\/p>\n<p>Confira a nota na \u00edntegra:<\/p>\n<p>\u201cEm rela\u00e7\u00e3o a informa\u00e7\u00e3o que circula de que, na limpeza p\u00fablica est\u00e1 ocorrendo uma demiss\u00e3o em massa, n\u00e3o procede, tendo em vista que os procedimentos trabalhistas que envolvem a empresa Suma, t\u00eam que serem solucionados at\u00e9 dia 6 de fevereiro quando encerra o contrato emergencial que existe entre a empresa Suma Servi\u00e7os Urbanos e de Meio Ambiente e a Prefeitura Municipal da Est\u00e2ncia Tur\u00edstica de Avar\u00e9.<br \/>\nOs v\u00ednculos trabalhistas, o rito trabalhista tem que ser cumprido com 30 dias de anteced\u00eancia \u00e0 extin\u00e7\u00e3o do contrato. O contrato se extingue em 06\/02\/2026. Ent\u00e3o a empresa fez o aviso pr\u00e9vio aos funcion\u00e1rios com 30 dias j\u00e1 antecedendo e extinguindo em 6 de fevereiro.<br \/>\nEsses funcion\u00e1rios v\u00e3o aguardar at\u00e9 dia 2 de fevereiro, quando ser\u00e1 feito o novo certame onde ser\u00e1 conhecido o novo ganhador do processo licitat\u00f3rio, que envolve a coleta de res\u00edduos s\u00f3lidos urbanos. Ent\u00e3o a empresa vencedora em 2 de fevereiro, ela tem total liberdade para repatriar novamente esses funcion\u00e1rios de aviso pr\u00e9vio.<br \/>\nAutomaticamente, eles sair\u00e3o da empresa e passar\u00e3o para outra empresa caso seja outra empresa a vencedora do certame. \u00c9 o rito padr\u00e3o normal e inclusive, o trabalhista que a empresa Suma vem realizando.<br \/>\nEnt\u00e3o n\u00e3o haver\u00e1 demiss\u00e3o em massa. Os funcion\u00e1rios ser\u00e3o repatriados caso seja uma nova empresa e se for a mesma empresa a vencedora do certame, suspende-se os avisos pr\u00e9vios e eles continuam no exerc\u00edcio das suas fun\u00e7\u00f5es normais dentro da empresa.<br \/>\nOu empresa nova, ou empresa Suma, qualquer uma que assumir, ir\u00e3o repatriar novamente os funcion\u00e1rios. Ent\u00e3o essa manchete, esse alarde que o jornal t\u00e1 colocando, n\u00e3o procede, \u00e9 infundado. Por qu\u00ea? Porque eles t\u00eam a fun\u00e7\u00e3o de coletor, de motorista, que ser\u00e1 reaproveitado pela nova empresa\u201d.<\/p>\n","protected":false},"excerpt":{"rendered":"<p>Em nota oficial enviada ao A Voz do Vale nesta segunda-feira (19), por meio da Secretaria de Comunica\u00e7\u00e3o, o secret\u00e1rio municipal de Meio Ambiente de Avar\u00e9, Judesio Borges, esclareceu os rumores sobre suposta demiss\u00e3o em massa de funcion\u00e1rios da empresa Suma Servi\u00e7os Urbanos, respons\u00e1vel pela coleta de res\u00edduos na cidade, e explicou o processo de [&hellip;]<\/p>\n","protected":false},"author":2,"featured_media":40492,"comment_status":"open","ping_status":"open","sticky":false,"template":"","format":"standard","meta":{"footnotes":""},"categories":[58],"tags":[],"_links":{"self":[{"href":"https:\/\/sabuguinho.com.br\/site\/wp-json\/wp\/v2\/posts\/40488"}],"collection":[{"href":"https:\/\/sabuguinho.com.br\/site\/wp-json\/wp\/v2\/posts"}],"about":[{"href":"https:\/\/sabuguinho.com.br\/site\/wp-json\/wp\/v2\/types\/post"}],"author":[{"embeddable":true,"href":"https:\/\/sabuguinho.com.br\/site\/wp-json\/wp\/v2\/users\/2"}],"replies":[{"embeddable":true,"href":"https:\/\/sabuguinho.com.br\/site\/wp-json\/wp\/v2\/comments?post=40488"}],"version-history":[{"count":1,"href":"https:\/\/sabuguinho.com.br\/site\/wp-json\/wp\/v2\/posts\/40488\/revisions"}],"predecessor-version":[{"id":40493,"href":"https:\/\/sabuguinho.com.br\/site\/wp-json\/wp\/v2\/posts\/40488\/revisions\/40493"}],"wp:featuredmedia":[{"embeddable":true,"href":"https:\/\/sabuguinho.com.br\/site\/wp-json\/wp\/v2\/media\/40492"}],"wp:attachment":[{"href":"https:\/\/sabuguinho.com.br\/site\/wp-json\/wp\/v2\/media?parent=40488"}],"wp:term":[{"taxonomy":"category","embeddable":true,"href":"https:\/\/sabuguinho.com.br\/site\/wp-json\/wp\/v2\/categories?post=40488"},{"taxonomy":"post_tag","embeddable":true,"href":"https:\/\/sabuguinho.com.br\/site\/wp-json\/wp\/v2\/tags?post=40488"}],"curies":[{"name":"wp","href":"https:\/\/api.w.org\/{rel}","templated":true}]}}