{"id":40479,"date":"2026-01-19T17:33:45","date_gmt":"2026-01-19T20:33:45","guid":{"rendered":"https:\/\/sabuguinho.com.br\/site\/?p=40479"},"modified":"2026-01-19T17:33:45","modified_gmt":"2026-01-19T20:33:45","slug":"plataforma-do-pesqueiro-municipal-na-represa-de-avare-passa-por-reforma-para-garantir-acessibilidade","status":"publish","type":"post","link":"https:\/\/sabuguinho.com.br\/site\/plataforma-do-pesqueiro-municipal-na-represa-de-avare-passa-por-reforma-para-garantir-acessibilidade\/","title":{"rendered":"Plataforma do Pesqueiro Municipal na represa de Avar\u00e9, passa por reforma para garantir acessibilidade"},"content":{"rendered":"<p>Interven\u00e7\u00f5es adequam o espa\u00e7o \u00e0s normas de acessibilidade e promovem inclus\u00e3o e bem-estar<\/p>\n<p>Por: REDA\u00c7\u00c3O | SECOM. Plataforma do Pesqueiro Municipal na represa de <\/p>\n<p>A Prefeitura da Est\u00e2ncia Tur\u00edstica de Avar\u00e9 atrav\u00e9s da Secretaria Municipal de Turismo deu in\u00edcio a reforma da plataforma do pesqueiro municipal, localizada na represa.<br \/>\nUma reforma voltada \u00e0 melhoria da acessibilidade, garantindo mais seguran\u00e7a, conforto e inclus\u00e3o para todos os frequentadores, especialmente pessoas com defici\u00eancia e mobilidade reduzida.<br \/>\nA obra contempla a adequa\u00e7\u00e3o da estrutura \u00e0s normas de acessibilidade, com a implanta\u00e7\u00e3o de rampas de acesso, corrim\u00e3os, grades, piso antiderrapante e piso t\u00e1til al\u00e9m de \u00e1reas adaptadas para cadeirantes.<br \/>\nAl\u00e9m da acessibilidade, a reforma tamb\u00e9m contribui para a preserva\u00e7\u00e3o do espa\u00e7o, melhorando a circula\u00e7\u00e3o de pessoas.<br \/>\nSer\u00e3o reformulados tamb\u00e9m a \u00e1rea de estacionamento reservado aos deficientes. Durante o per\u00edodo das obras, o local estar\u00e1 interditado para uso, mas a expectativa \u00e9 de que, ap\u00f3s a conclus\u00e3o, o pesqueiro ofere\u00e7a uma estrutura mais moderna e acolhedora para todos que usam o espa\u00e7o.<\/p>\n","protected":false},"excerpt":{"rendered":"<p>Interven\u00e7\u00f5es adequam o espa\u00e7o \u00e0s normas de acessibilidade e promovem inclus\u00e3o e bem-estar Por: REDA\u00c7\u00c3O | SECOM. Plataforma do Pesqueiro Municipal na represa de A Prefeitura da Est\u00e2ncia Tur\u00edstica de Avar\u00e9 atrav\u00e9s da Secretaria Municipal de Turismo deu in\u00edcio a reforma da plataforma do pesqueiro municipal, localizada na represa. Uma reforma voltada \u00e0 melhoria da [&hellip;]<\/p>\n","protected":false},"author":2,"featured_media":40482,"comment_status":"open","ping_status":"open","sticky":false,"template":"","format":"standard","meta":{"footnotes":""},"categories":[116],"tags":[],"_links":{"self":[{"href":"https:\/\/sabuguinho.com.br\/site\/wp-json\/wp\/v2\/posts\/40479"}],"collection":[{"href":"https:\/\/sabuguinho.com.br\/site\/wp-json\/wp\/v2\/posts"}],"about":[{"href":"https:\/\/sabuguinho.com.br\/site\/wp-json\/wp\/v2\/types\/post"}],"author":[{"embeddable":true,"href":"https:\/\/sabuguinho.com.br\/site\/wp-json\/wp\/v2\/users\/2"}],"replies":[{"embeddable":true,"href":"https:\/\/sabuguinho.com.br\/site\/wp-json\/wp\/v2\/comments?post=40479"}],"version-history":[{"count":1,"href":"https:\/\/sabuguinho.com.br\/site\/wp-json\/wp\/v2\/posts\/40479\/revisions"}],"predecessor-version":[{"id":40483,"href":"https:\/\/sabuguinho.com.br\/site\/wp-json\/wp\/v2\/posts\/40479\/revisions\/40483"}],"wp:featuredmedia":[{"embeddable":true,"href":"https:\/\/sabuguinho.com.br\/site\/wp-json\/wp\/v2\/media\/40482"}],"wp:attachment":[{"href":"https:\/\/sabuguinho.com.br\/site\/wp-json\/wp\/v2\/media?parent=40479"}],"wp:term":[{"taxonomy":"category","embeddable":true,"href":"https:\/\/sabuguinho.com.br\/site\/wp-json\/wp\/v2\/categories?post=40479"},{"taxonomy":"post_tag","embeddable":true,"href":"https:\/\/sabuguinho.com.br\/site\/wp-json\/wp\/v2\/tags?post=40479"}],"curies":[{"name":"wp","href":"https:\/\/api.w.org\/{rel}","templated":true}]}}