{"id":40470,"date":"2026-01-19T12:45:12","date_gmt":"2026-01-19T15:45:12","guid":{"rendered":"https:\/\/sabuguinho.com.br\/site\/?p=40470"},"modified":"2026-01-19T12:45:12","modified_gmt":"2026-01-19T15:45:12","slug":"ciclista-morre-apos-ser-atingido-por-carro-que-tentou-desviar-de-animal-morto-na-sp-255-em-avare","status":"publish","type":"post","link":"https:\/\/sabuguinho.com.br\/site\/ciclista-morre-apos-ser-atingido-por-carro-que-tentou-desviar-de-animal-morto-na-sp-255-em-avare\/","title":{"rendered":"CICLISTA MORRE AP\u00d3S SER ATINGIDO POR CARRO QUE TENTOU DESVIAR DE ANIMAL MORTO NA SP-255 EM AVAR\u00c9"},"content":{"rendered":"<p>Um ciclista morreu em uma sequ\u00eancia de eventos que come\u00e7ou com o atropelamento de um animal na madrugada de s\u00e1bado (17), na SP-255 (Rodovia Jo\u00e3o Mell\u00e3o), em Avar\u00e9. A v\u00edtima foi identificada como Jair Gon\u00e7alves, de 59 anos.<br \/>\nDe acordo com o Boletim de Ocorr\u00eancia, o acidente foi desencadeado por um porco-do-mato morto sobre a faixa de rolamento no quil\u00f4metro 265 da via. Por volta das 04h20, segundo a Pol\u00edcia Militar Rodovi\u00e1ria (PMRv), um caminh\u00e3o atingiu o animal que atravessava a pista. Um segundo caminh\u00e3o tamb\u00e9m colidiu com a carca\u00e7a. Nenhum dos motoristas de caminh\u00e3o se feriu.<br \/>\nO corpo do animal permaneceu na pista. Por volta das 04h50, um jovem, de 19 anos, que dirigia um carro, foi surpreendido pelo obst\u00e1culo. Ao colidir com o animal, o motorista perdeu o controle do ve\u00edculo, que foi projetado para o acostamento e atingiu lateralmente Jair Gon\u00e7alves, que pedalava no local.<br \/>\nJair Gon\u00e7alves foi socorrido e encaminhado ao Pronto Socorro Municipal, mas n\u00e3o resistiu aos ferimentos e morreu por volta das 08h.<br \/>\nA ocorr\u00eancia foi registrada como Homic\u00eddio Culposo na Dire\u00e7\u00e3o de Ve\u00edculo Automotor. A Pol\u00edcia Civil informou que s\u00f3 tomou conhecimento do \u00f3bito horas depois, quando a filha da v\u00edtima compareceu ao plant\u00e3o.<br \/>\nH\u00e1 relatos de testemunhas sobre uma demora no resgate. A concession\u00e1ria n\u00e3o se pronunciou sobre alega\u00e7\u00f5es de que havia chamados anteriores para retirar o animal da pista.<br \/>\nO corpo de Jair Gon\u00e7alves foi velado por familiares e amigos e sepultado no domingo (18), no Cemit\u00e9rio Municipal de Avar\u00e9. Os demais envolvidos nos incidentes n\u00e3o sofreram ferimentos.<\/p>\n","protected":false},"excerpt":{"rendered":"<p>Um ciclista morreu em uma sequ\u00eancia de eventos que come\u00e7ou com o atropelamento de um animal na madrugada de s\u00e1bado (17), na SP-255 (Rodovia Jo\u00e3o Mell\u00e3o), em Avar\u00e9. A v\u00edtima foi identificada como Jair Gon\u00e7alves, de 59 anos. De acordo com o Boletim de Ocorr\u00eancia, o acidente foi desencadeado por um porco-do-mato morto sobre a [&hellip;]<\/p>\n","protected":false},"author":2,"featured_media":40473,"comment_status":"open","ping_status":"open","sticky":false,"template":"","format":"standard","meta":{"footnotes":""},"categories":[100],"tags":[],"_links":{"self":[{"href":"https:\/\/sabuguinho.com.br\/site\/wp-json\/wp\/v2\/posts\/40470"}],"collection":[{"href":"https:\/\/sabuguinho.com.br\/site\/wp-json\/wp\/v2\/posts"}],"about":[{"href":"https:\/\/sabuguinho.com.br\/site\/wp-json\/wp\/v2\/types\/post"}],"author":[{"embeddable":true,"href":"https:\/\/sabuguinho.com.br\/site\/wp-json\/wp\/v2\/users\/2"}],"replies":[{"embeddable":true,"href":"https:\/\/sabuguinho.com.br\/site\/wp-json\/wp\/v2\/comments?post=40470"}],"version-history":[{"count":1,"href":"https:\/\/sabuguinho.com.br\/site\/wp-json\/wp\/v2\/posts\/40470\/revisions"}],"predecessor-version":[{"id":40474,"href":"https:\/\/sabuguinho.com.br\/site\/wp-json\/wp\/v2\/posts\/40470\/revisions\/40474"}],"wp:featuredmedia":[{"embeddable":true,"href":"https:\/\/sabuguinho.com.br\/site\/wp-json\/wp\/v2\/media\/40473"}],"wp:attachment":[{"href":"https:\/\/sabuguinho.com.br\/site\/wp-json\/wp\/v2\/media?parent=40470"}],"wp:term":[{"taxonomy":"category","embeddable":true,"href":"https:\/\/sabuguinho.com.br\/site\/wp-json\/wp\/v2\/categories?post=40470"},{"taxonomy":"post_tag","embeddable":true,"href":"https:\/\/sabuguinho.com.br\/site\/wp-json\/wp\/v2\/tags?post=40470"}],"curies":[{"name":"wp","href":"https:\/\/api.w.org\/{rel}","templated":true}]}}