{"id":40245,"date":"2026-01-13T14:47:52","date_gmt":"2026-01-13T17:47:52","guid":{"rendered":"https:\/\/sabuguinho.com.br\/site\/?p=40245"},"modified":"2026-01-13T14:47:52","modified_gmt":"2026-01-13T17:47:52","slug":"provas-do-concurso-publico-no-03-2025-acontecem-neste-domingo11-2","status":"publish","type":"post","link":"https:\/\/sabuguinho.com.br\/site\/provas-do-concurso-publico-no-03-2025-acontecem-neste-domingo11-2\/","title":{"rendered":"Provas do Concurso P\u00fablico n\u00ba 03\/2025 acontecem neste domingo,11"},"content":{"rendered":"<p>Exame ser\u00e1 aplicado no campus da UNIFSP, com hor\u00e1rios distintos pela manh\u00e3 e \u00e0 tarde<\/p>\n<p>Por: REDA\u00c7\u00c3O | SECOM.<\/p>\n<p>Provas do Concurso P\u00fablico n\u00ba 03\/2025 acontecem neste domingo,11Cr\u00e9ditos pela imagem: Ilustrativa<br \/>\nA Prefeitura da Est\u00e2ncia Tur\u00edstica de Avar\u00e9 realiza, nesse domingo, 11, as provas do Concurso P\u00fablico n\u00ba 03\/2025, no campus da UNIFSP, localizado no Jardim Europa.<br \/>\nA aplica\u00e7\u00e3o foi dividida em dois per\u00edodos, no per\u00edodo da manh\u00e3, os port\u00f5es ser\u00e3o abertos \u00e0s 09h00 e fechados pontualmente \u00e0s 09h30, j\u00e1 no per\u00edodo da tarde, a abertura dos port\u00f5es ocorre \u00e0s 14h00, com fechamento \u00e0s 14h30.<br \/>\nOs candidatos devem comparecer com anteced\u00eancia m\u00ednima de 30 minutos, portando documento oficial de identidade com foto, protocolo de inscri\u00e7\u00e3o e caneta esferogr\u00e1fica azul ou preta, al\u00e9m de l\u00e1pis n\u00ba 2 e borracha. N\u00e3o ser\u00e1 permitida a entrada ap\u00f3s o fechamento dos port\u00f5es.<br \/>\nO edital refor\u00e7a que n\u00e3o ser\u00e1 permitida a entrada de ningu\u00e9m ap\u00f3s o hor\u00e1rio estabelecido para o fechamento dos port\u00f5es, independentemente do motivo. A listagem completa com a homologa\u00e7\u00e3o final das inscri\u00e7\u00f5es e os dados detalhados de cada candidato permanece dispon\u00edvel para consulta no site da INDEPAC https:\/\/ps-adm-815.selecao.net.br\/ <\/p>\n","protected":false},"excerpt":{"rendered":"<p>Exame ser\u00e1 aplicado no campus da UNIFSP, com hor\u00e1rios distintos pela manh\u00e3 e \u00e0 tarde Por: REDA\u00c7\u00c3O | SECOM. Provas do Concurso P\u00fablico n\u00ba 03\/2025 acontecem neste domingo,11Cr\u00e9ditos pela imagem: Ilustrativa A Prefeitura da Est\u00e2ncia Tur\u00edstica de Avar\u00e9 realiza, nesse domingo, 11, as provas do Concurso P\u00fablico n\u00ba 03\/2025, no campus da UNIFSP, localizado no [&hellip;]<\/p>\n","protected":false},"author":2,"featured_media":40247,"comment_status":"open","ping_status":"open","sticky":false,"template":"","format":"standard","meta":{"footnotes":""},"categories":[135],"tags":[],"_links":{"self":[{"href":"https:\/\/sabuguinho.com.br\/site\/wp-json\/wp\/v2\/posts\/40245"}],"collection":[{"href":"https:\/\/sabuguinho.com.br\/site\/wp-json\/wp\/v2\/posts"}],"about":[{"href":"https:\/\/sabuguinho.com.br\/site\/wp-json\/wp\/v2\/types\/post"}],"author":[{"embeddable":true,"href":"https:\/\/sabuguinho.com.br\/site\/wp-json\/wp\/v2\/users\/2"}],"replies":[{"embeddable":true,"href":"https:\/\/sabuguinho.com.br\/site\/wp-json\/wp\/v2\/comments?post=40245"}],"version-history":[{"count":1,"href":"https:\/\/sabuguinho.com.br\/site\/wp-json\/wp\/v2\/posts\/40245\/revisions"}],"predecessor-version":[{"id":40248,"href":"https:\/\/sabuguinho.com.br\/site\/wp-json\/wp\/v2\/posts\/40245\/revisions\/40248"}],"wp:featuredmedia":[{"embeddable":true,"href":"https:\/\/sabuguinho.com.br\/site\/wp-json\/wp\/v2\/media\/40247"}],"wp:attachment":[{"href":"https:\/\/sabuguinho.com.br\/site\/wp-json\/wp\/v2\/media?parent=40245"}],"wp:term":[{"taxonomy":"category","embeddable":true,"href":"https:\/\/sabuguinho.com.br\/site\/wp-json\/wp\/v2\/categories?post=40245"},{"taxonomy":"post_tag","embeddable":true,"href":"https:\/\/sabuguinho.com.br\/site\/wp-json\/wp\/v2\/tags?post=40245"}],"curies":[{"name":"wp","href":"https:\/\/api.w.org\/{rel}","templated":true}]}}