{"id":40193,"date":"2026-01-10T21:21:04","date_gmt":"2026-01-11T00:21:04","guid":{"rendered":"https:\/\/sabuguinho.com.br\/site\/?p=40193"},"modified":"2026-01-10T21:21:06","modified_gmt":"2026-01-11T00:21:06","slug":"avare-delegado-rubens-cesar-garcia-jorge-e-eleito-presidente-da-afpca","status":"publish","type":"post","link":"https:\/\/sabuguinho.com.br\/site\/avare-delegado-rubens-cesar-garcia-jorge-e-eleito-presidente-da-afpca\/","title":{"rendered":"AVAR\u00c9  &#8211;  Delegado Rubens C\u00e9sar Garcia Jorge \u00e9 eleito presidente da AFPCA"},"content":{"rendered":"<p>Nova diretoria da Associa\u00e7\u00e3o dos Funcion\u00e1rios da Pol\u00edcia Civil de Avar\u00e9 assume o bi\u00eanio 2026\/2027 com proposta de continuidade administrativa e fortalecimento institucional<\/p>\n<p>A Associa\u00e7\u00e3o dos Funcion\u00e1rios da Pol\u00edcia Civil de Avar\u00e9 (AFPCA) realizou, na noite da \u00faltima sexta-feira, 09\/01\/2026, Assembleia Geral Ordin\u00e1ria destinada \u00e0 elei\u00e7\u00e3o da Diretoria que conduzir\u00e1 a entidade no bi\u00eanio 2026\/2027. Na ocasi\u00e3o, foi eleito presidente o Delegado de Pol\u00edcia Rubens C\u00e9sar Garcia Jorge, da Delegacia Seccional de Pol\u00edcia de Avar\u00e9, tendo como vice-presidente o Investigador de Pol\u00edcia aposentado Orlando Gambini Filho, que esteve \u00e0 frente da associa\u00e7\u00e3o na gest\u00e3o anterior, garantindo a continuidade administrativa, patrimonial e institucional.<br \/>\nDurante a assembleia, foram rigorosamente observadas as disposi\u00e7\u00f5es estatut\u00e1rias relativas ao processo eleitoral. Na mesma oportunidade, procedeu-se \u00e0 presta\u00e7\u00e3o de contas da gest\u00e3o anterior, a qual foi apresentada de forma t\u00e9cnica e detalhada pelo contador da entidade, Jo\u00e3o Paulo Alves da Silva, com a exposi\u00e7\u00e3o minuciosa das receitas, despesas, investimentos e da situa\u00e7\u00e3o patrimonial da associa\u00e7\u00e3o. Ap\u00f3s an\u00e1lise pelos associados presentes, as contas foram regularmente aprovadas, reafirmando o compromisso da AFPCA com a transpar\u00eancia, a legalidade e a boa governan\u00e7a administrativa.<br \/>\nO encontro transcorreu em ambiente de normalidade institucional e integra\u00e7\u00e3o associativa, tendo sido oferecido churrasco de confraterniza\u00e7\u00e3o aos participantes, iniciativa que tradicionalmente refor\u00e7a o esp\u00edrito de uni\u00e3o, conviv\u00eancia e fortalecimento dos v\u00ednculos entre os associados.<br \/>\nA Assembleia Geral contou com a presen\u00e7a do Dr. Fabiano Ribeiro Ferreira da Silva, Delegado Seccional de Pol\u00edcia de Avar\u00e9, que, ao fazer uso da palavra, parabenizou a diretoria que se encerrava pelos trabalhos desenvolvidos, destacando a organiza\u00e7\u00e3o administrativa e a correta condu\u00e7\u00e3o da entidade, bem como desejou votos de pleno \u00eaxito \u00e0 nova gest\u00e3o, ressaltando a relev\u00e2ncia institucional da AFPCA no apoio aos policiais civis e na promo\u00e7\u00e3o de atividades sociais e comunit\u00e1rias.<br \/>\nEm sua manifesta\u00e7\u00e3o, o presidente eleito Rubens C\u00e9sar Garcia Jorge fez refer\u00eancia \u00e0 gest\u00e3o anterior, elogiando expressamente a atua\u00e7\u00e3o de Orlando Gambini Filho, destacando a seriedade administrativa, a responsabilidade na gest\u00e3o financeira e a preserva\u00e7\u00e3o do patrim\u00f4nio associativo. Ressaltou, ainda, que a nova diretoria adotar\u00e1 uma linha administrativa de continuidade, com a manuten\u00e7\u00e3o dos projetos em andamento, o aprimoramento da estrutura organizacional e a observ\u00e2ncia permanente dos princ\u00edpios da legalidade, efici\u00eancia e transpar\u00eancia.<br \/>\nCom a elei\u00e7\u00e3o da nova diretoria, a AFPCA inicia o bi\u00eanio 2026\/2027 com foco na consolida\u00e7\u00e3o administrativa, na valoriza\u00e7\u00e3o de seus associados, na preserva\u00e7\u00e3o de seu patrim\u00f4nio e no fortalecimento de suas atividades institucionais, sociais, esportivas e culturais, mantendo seu papel de destaque entre as entidades representativas da Pol\u00edcia Civil no interior do Estado de S\u00e3o Paulo.<\/p>\n<p>ESTANDE DE TIRO: REFER\u00caNCIA REGIONAL E NACIONAL<\/p>\n<p>A AFPCA \u00e9 reconhecida regional e nacionalmente pela administra\u00e7\u00e3o de seu estande de tiro esportivo, considerado refer\u00eancia t\u00e9cnica na regi\u00e3o. O espa\u00e7o \u00e9 regularmente utilizado para a realiza\u00e7\u00e3o de competi\u00e7\u00f5es oficiais, recebendo Colecionadores, Atiradores e Ca\u00e7adores (CACs) de diversas localidades do pa\u00eds. Al\u00e9m disso, o estande \u00e9 empregado em treinamentos e capacita\u00e7\u00f5es da Pol\u00edcia Civil, Pol\u00edcia Militar, Pol\u00edcia Penal e do Ex\u00e9rcito Brasileiro, contribuindo de forma efetiva para o aprimoramento t\u00e9cnico-operacional das for\u00e7as de seguran\u00e7a e para a difus\u00e3o de pr\u00e1ticas seguras no manuseio de armamento.<\/p>\n<p>SEDE SOCIAL E ATUA\u00c7\u00c3O COMUNIT\u00c1RIA<\/p>\n<p>A entidade mant\u00e9m, ainda, uma sede social localizada no munic\u00edpio de Avar\u00e9, a qual desempenha relevante fun\u00e7\u00e3o institucional e comunit\u00e1ria. O espa\u00e7o \u00e9 utilizado para reuni\u00f5es administrativas, eventos internos e confraterniza\u00e7\u00f5es, sendo frequentemente cedido a entidades filantr\u00f3picas e assistenciais do munic\u00edpio para a realiza\u00e7\u00e3o de eventos beneficentes, auxiliando na arrecada\u00e7\u00e3o de recursos destinados \u00e0 manuten\u00e7\u00e3o de projetos sociais, o que refor\u00e7a o papel social da AFPCA junto \u00e0 comunidade local.<\/p>\n<p>SEDE CAMPESTRE E LAZER DOS ASSOCIADOS<\/p>\n<p>Outro importante patrim\u00f4nio da associa\u00e7\u00e3o \u00e9 a sede campestre situada \u00e0s margens da Represa de Jurumirim, destinada ao lazer e \u00e0 conviv\u00eancia dos associados e seus familiares. O local conta com infraestrutura composta por piscina, \u00e1reas de lazer, campo de futebol, cozinha equipada e churrasqueira, funcionando como espa\u00e7o de integra\u00e7\u00e3o, fortalecimento dos v\u00ednculos associativos e promo\u00e7\u00e3o da qualidade de vida dos membros da entidade.<\/p>\n<p>BANDA MARCIAL: PROJETO SOCIAL E FORMA\u00c7\u00c3O CIDAD\u00c3<\/p>\n<p>No campo social e cultural, destaca-se a Banda Marcial da AFPCA, projeto social de grande relev\u00e2ncia, voltado ao atendimento de crian\u00e7as e adolescentes oriundos de fam\u00edlias de baixa renda, por meio da oferta de aulas gratuitas de m\u00fasica. O projeto contempla ensino de teoria musical, pr\u00e1tica instrumental e forma\u00e7\u00e3o cidad\u00e3, contribuindo para a inclus\u00e3o social, o desenvolvimento pessoal e a disciplina dos participantes. A Banda Marcial representa a AFPCA em eventos c\u00edvicos, culturais e institucionais, projetando positivamente o nome da entidade e da Pol\u00edcia Civil junto \u00e0 sociedade.<br \/>\nChapa \u201cUni\u00e3o e Responsabilidade\u201d \u2013 Bi\u00eanio 2026\/2027<br \/>\nDIRETORIA EXECUTIVA<br \/>\nPresidente:<br \/>\n\u2022 Dr. Rubens C\u00e9sar Garcia Jorge<br \/>\nVice-Presidente:<br \/>\n\u2022 Orlando Gambini Filho<br \/>\n1\u00ba Secret\u00e1rio:<br \/>\n\u2022 Cristiano Ferreira Martins<br \/>\n2\u00ba Secret\u00e1rio:<br \/>\n\u2022 Sidnei Antonio Daltio<br \/>\n1\u00ba Tesoureiro:<br \/>\n\u2022 Marcos Jos\u00e9 Gon\u00e7ales<br \/>\n2\u00aa Tesoureira:<br \/>\n\u2022 Eliane Aparecida da Silva<br \/>\nDiretor de Patrim\u00f4nio:<br \/>\n\u2022 Mario Celestino<br \/>\nDiretora Social:<br \/>\n\u2022 Claudia Regina Inoue Serodio<br \/>\nDiretor de Esportes:<br \/>\n\u2022 Marcelo Carlos de Oliveira<br \/>\nDiretor de Tiro:<br \/>\n\u2022 Marcelo Mariano Franzolin<\/p>\n<p>CONSELHO FISCAL<br \/>\n\u2022 Dr. Vagner Bertoli<br \/>\n\u2022 Dr. Adriano Leite de Assis<br \/>\n\u2022 Vinicius Henrique Alves de Moura<br \/>\n\u2022 Dr. Marco Aur\u00e9lio Gon\u00e7alves Gomes<br \/>\n\u2022 Rafael Jinhei Nakandakare<br \/>\n\u2022 Daniel Ferreira da Silva Junior<\/p>\n<p>CONSELHO DELIBERATIVO<br \/>\nPresidente:<br \/>\n\u2022 Clovis Kazunori Yamatsuka<br \/>\nVice-Presidente:<br \/>\n\u2022 Dr. Fabiano Ribeiro Ferreira da Silva<br \/>\n1\u00ba Secret\u00e1rio:<br \/>\n\u2022 Rodrigo Abranches Pupo Barboza<br \/>\n2\u00aa Secret\u00e1ria:<br \/>\n\u2022 Ana Maria Paganini Salles<\/p>\n<p>DEMAIS MEMBROS<br \/>\n\u2022 Trajano de Oliveira Filho<br \/>\n\u2022 Eduardo da Silva Vicentini<br \/>\n\u2022 Luiz Carlos Pereira<br \/>\n\u2022 Dr. Paulo Sergio Garcia<br \/>\n\u2022 Fabiana Sanches Cruz<br \/>\n\u2022 Paulo Sergio Panoni Pires<br \/>\n\u2022 Carlos Eduardo Albieiro Senna<br \/>\n\u2022 Isaias Ribeiro de Arruda<br \/>\n\u2022 Milton Lopes de Medeiros<br \/>\n\u2022 Damaris Eugenia Dina<br \/>\n\u2022 Adilson Benedito da Silva<br \/>\n\u2022 Marcelo Henrique Pedra<\/p>\n<p><img loading=\"lazy\" decoding=\"async\" src=\"https:\/\/sabuguinho.com.br\/site\/wp-content\/uploads\/2026\/01\/IMG-20260110-WA0117-1-150x113.jpg\" alt=\"\" width=\"150\" height=\"113\" class=\"alignnone size-medium wp-image-40196\"\n\n\n\n\n\n<\/p srcset=\"https:\/\/sabuguinho.com.br\/site\/wp-content\/uploads\/2026\/01\/IMG-20260110-WA0117-1-150x113.jpg 150w, https:\/\/sabuguinho.com.br\/site\/wp-content\/uploads\/2026\/01\/IMG-20260110-WA0117-1-512x385.jpg 512w, https:\/\/sabuguinho.com.br\/site\/wp-content\/uploads\/2026\/01\/IMG-20260110-WA0117-1-768x578.jpg 768w, https:\/\/sabuguinho.com.br\/site\/wp-content\/uploads\/2026\/01\/IMG-20260110-WA0117-1-1536x1156.jpg 1536w, https:\/\/sabuguinho.com.br\/site\/wp-content\/uploads\/2026\/01\/IMG-20260110-WA0117-1-750x564.jpg 750w, https:\/\/sabuguinho.com.br\/site\/wp-content\/uploads\/2026\/01\/IMG-20260110-WA0117-1-1140x858.jpg 1140w, https:\/\/sabuguinho.com.br\/site\/wp-content\/uploads\/2026\/01\/IMG-20260110-WA0117-1.jpg 1600w\" sizes=\"(max-width: 150px) 100vw, 150px\" \/>\n","protected":false},"excerpt":{"rendered":"<p>Nova diretoria da Associa\u00e7\u00e3o dos Funcion\u00e1rios da Pol\u00edcia Civil de Avar\u00e9 assume o bi\u00eanio 2026\/2027 com proposta de continuidade administrativa e fortalecimento institucional A Associa\u00e7\u00e3o dos Funcion\u00e1rios da Pol\u00edcia Civil de Avar\u00e9 (AFPCA) realizou, na noite da \u00faltima sexta-feira, 09\/01\/2026, Assembleia Geral Ordin\u00e1ria destinada \u00e0 elei\u00e7\u00e3o da Diretoria que conduzir\u00e1 a entidade no bi\u00eanio 2026\/2027. [&hellip;]<\/p>\n","protected":false},"author":2,"featured_media":40199,"comment_status":"open","ping_status":"open","sticky":false,"template":"","format":"standard","meta":{"footnotes":""},"categories":[118],"tags":[],"_links":{"self":[{"href":"https:\/\/sabuguinho.com.br\/site\/wp-json\/wp\/v2\/posts\/40193"}],"collection":[{"href":"https:\/\/sabuguinho.com.br\/site\/wp-json\/wp\/v2\/posts"}],"about":[{"href":"https:\/\/sabuguinho.com.br\/site\/wp-json\/wp\/v2\/types\/post"}],"author":[{"embeddable":true,"href":"https:\/\/sabuguinho.com.br\/site\/wp-json\/wp\/v2\/users\/2"}],"replies":[{"embeddable":true,"href":"https:\/\/sabuguinho.com.br\/site\/wp-json\/wp\/v2\/comments?post=40193"}],"version-history":[{"count":1,"href":"https:\/\/sabuguinho.com.br\/site\/wp-json\/wp\/v2\/posts\/40193\/revisions"}],"predecessor-version":[{"id":40200,"href":"https:\/\/sabuguinho.com.br\/site\/wp-json\/wp\/v2\/posts\/40193\/revisions\/40200"}],"wp:featuredmedia":[{"embeddable":true,"href":"https:\/\/sabuguinho.com.br\/site\/wp-json\/wp\/v2\/media\/40199"}],"wp:attachment":[{"href":"https:\/\/sabuguinho.com.br\/site\/wp-json\/wp\/v2\/media?parent=40193"}],"wp:term":[{"taxonomy":"category","embeddable":true,"href":"https:\/\/sabuguinho.com.br\/site\/wp-json\/wp\/v2\/categories?post=40193"},{"taxonomy":"post_tag","embeddable":true,"href":"https:\/\/sabuguinho.com.br\/site\/wp-json\/wp\/v2\/tags?post=40193"}],"curies":[{"name":"wp","href":"https:\/\/api.w.org\/{rel}","templated":true}]}}