{"id":40171,"date":"2026-01-09T20:15:33","date_gmt":"2026-01-09T23:15:33","guid":{"rendered":"https:\/\/sabuguinho.com.br\/site\/?p=40171"},"modified":"2026-01-09T20:15:33","modified_gmt":"2026-01-09T23:15:33","slug":"avare-prefeitura-de-avare-anuncia-avanco-no-projeto-do-enquadramento-das-adis","status":"publish","type":"post","link":"https:\/\/sabuguinho.com.br\/site\/avare-prefeitura-de-avare-anuncia-avanco-no-projeto-do-enquadramento-das-adis\/","title":{"rendered":"Avar\u00e9 &#8211; PREFEITURA DE AVAR\u00c9 ANUNCIA AVAN\u00c7O NO PROJETO DO ENQUADRAMENTO DAS ADIs"},"content":{"rendered":"<p>Em uma reuni\u00e3o na tarde desta sexta-feira (9), o prefeito Roberto Ara\u00fajo anunciou a continuidade do Projeto de Lei para o enquadramento das Auxiliares de Desenvolvimento Infantil (ADIs). A not\u00edcia foi recebida como um marco na longa luta dessas profissionais por reconhecimento e equidade na rede municipal de ensino.<br \/>\nAl\u00e9m do prefeito Roberto Ara\u00fajo, estiveram presentes no encontro o secret\u00e1rio municipal de Educa\u00e7\u00e3o, C\u00e9sar Oliveira; o assessor e diretor de escola, Gustavo Prado; e o vereador Pedro Fusco, l\u00edder do governo na C\u00e2mara Municipal.<br \/>\n\u201cEstamos aqui reunidos para dar prosseguimento no Programa de Lei de Enquadramento das ADIs. Lembrando que em julho tivemos uma reuni\u00e3o com as ADIs e hav\u00edamos assumido esse compromisso, que agora, este ano, se tornar\u00e1 realidade\u201d, destacou o prefeito Roberto Ara\u00fajo.<br \/>\nO vereador Pedro Fusco assegurou celeridade no processo legislativo. \u201cO mais r\u00e1pido poss\u00edvel essa legisla\u00e7\u00e3o estar\u00e1 encaminhada \u00e0 C\u00e2mara Municipal e l\u00e1 n\u00f3s daremos andamento aos trabalhos. Teremos certeza de que os vereadores aprovar\u00e3o essa lei e a situa\u00e7\u00e3o das ADIs ser\u00e1 regularizada no munic\u00edpio de Avar\u00e9\u201d, afirmou.<br \/>\nO secret\u00e1rio C\u00e9sar Oliveira refor\u00e7ou o compromisso: \u201cConforme prometido pelo prefeito Roberto Ara\u00fajo, no dia 10 de julho, na nossa reuni\u00e3o, o enquadramento das ADIs ser\u00e1 realidade\u201d.<br \/>\nO an\u00fancio representa uma guinada em um cen\u00e1rio municipal historicamente marcado por impasse. Durante a administra\u00e7\u00e3o do prefeito J\u00f4 Silvestre, em 2023, a administra\u00e7\u00e3o sustentava que n\u00e3o havia base legal para equiparar as ADIs ao magist\u00e9rio. Al\u00e9m disso, decis\u00f5es judiciais j\u00e1 haviam apontado disparidades, como a jornada semanal de 40 horas das ADIs \u2013 contra 30 horas dos professores \u2013, o que resultava em um valor-hora trabalhada inferior, mesmo com sal\u00e1rios nominais por vezes equivalentes.<br \/>\nAs ADIs lutam pela integra\u00e7\u00e3o definitiva ao quadro docente da educa\u00e7\u00e3o infantil, com a devida valoriza\u00e7\u00e3o profissional, como tamb\u00e9m o direito a receber o Piso Salarial do Magist\u00e9rio, conforme os valores atualizados para 2026, estabelecendo uma remunera\u00e7\u00e3o base justa.<br \/>\nOs profissionais tamb\u00e9m lutam pela adequa\u00e7\u00e3o da carga hor\u00e1ria para incluir as horas de trabalho pedag\u00f3gico (HTP), equiparando-se \u00e0s condi\u00e7\u00f5es dos demais professores e garantindo tempo para planejamento e forma\u00e7\u00e3o.<br \/>\nA expectativa \u00e9 que o projeto seja enviado \u00e0 C\u00e2mara Municipal nas pr\u00f3ximas semanas, iniciando a etapa final de uma reivindica\u00e7\u00e3o hist\u00f3rica das educadoras que atuam diretamente no desenvolvimento das crian\u00e7as avareenses.<\/p>\n<p><img loading=\"lazy\" decoding=\"async\" src=\"https:\/\/sabuguinho.com.br\/site\/wp-content\/uploads\/2026\/01\/Screenshot_5-1-150x106.png\" alt=\"\" width=\"150\" height=\"106\" class=\"alignnone size-medium wp-image-40175\" srcset=\"https:\/\/sabuguinho.com.br\/site\/wp-content\/uploads\/2026\/01\/Screenshot_5-1-150x106.png 150w, https:\/\/sabuguinho.com.br\/site\/wp-content\/uploads\/2026\/01\/Screenshot_5-1-512x361.png 512w, https:\/\/sabuguinho.com.br\/site\/wp-content\/uploads\/2026\/01\/Screenshot_5-1-120x86.png 120w, https:\/\/sabuguinho.com.br\/site\/wp-content\/uploads\/2026\/01\/Screenshot_5-1-350x250.png 350w, https:\/\/sabuguinho.com.br\/site\/wp-content\/uploads\/2026\/01\/Screenshot_5-1.png 650w\" sizes=\"(max-width: 150px) 100vw, 150px\" \/><\/p>\n","protected":false},"excerpt":{"rendered":"<p>Em uma reuni\u00e3o na tarde desta sexta-feira (9), o prefeito Roberto Ara\u00fajo anunciou a continuidade do Projeto de Lei para o enquadramento das Auxiliares de Desenvolvimento Infantil (ADIs). A not\u00edcia foi recebida como um marco na longa luta dessas profissionais por reconhecimento e equidade na rede municipal de ensino. Al\u00e9m do prefeito Roberto Ara\u00fajo, estiveram [&hellip;]<\/p>\n","protected":false},"author":2,"featured_media":40176,"comment_status":"open","ping_status":"open","sticky":false,"template":"","format":"standard","meta":{"footnotes":""},"categories":[58],"tags":[],"_links":{"self":[{"href":"https:\/\/sabuguinho.com.br\/site\/wp-json\/wp\/v2\/posts\/40171"}],"collection":[{"href":"https:\/\/sabuguinho.com.br\/site\/wp-json\/wp\/v2\/posts"}],"about":[{"href":"https:\/\/sabuguinho.com.br\/site\/wp-json\/wp\/v2\/types\/post"}],"author":[{"embeddable":true,"href":"https:\/\/sabuguinho.com.br\/site\/wp-json\/wp\/v2\/users\/2"}],"replies":[{"embeddable":true,"href":"https:\/\/sabuguinho.com.br\/site\/wp-json\/wp\/v2\/comments?post=40171"}],"version-history":[{"count":1,"href":"https:\/\/sabuguinho.com.br\/site\/wp-json\/wp\/v2\/posts\/40171\/revisions"}],"predecessor-version":[{"id":40177,"href":"https:\/\/sabuguinho.com.br\/site\/wp-json\/wp\/v2\/posts\/40171\/revisions\/40177"}],"wp:featuredmedia":[{"embeddable":true,"href":"https:\/\/sabuguinho.com.br\/site\/wp-json\/wp\/v2\/media\/40176"}],"wp:attachment":[{"href":"https:\/\/sabuguinho.com.br\/site\/wp-json\/wp\/v2\/media?parent=40171"}],"wp:term":[{"taxonomy":"category","embeddable":true,"href":"https:\/\/sabuguinho.com.br\/site\/wp-json\/wp\/v2\/categories?post=40171"},{"taxonomy":"post_tag","embeddable":true,"href":"https:\/\/sabuguinho.com.br\/site\/wp-json\/wp\/v2\/tags?post=40171"}],"curies":[{"name":"wp","href":"https:\/\/api.w.org\/{rel}","templated":true}]}}