{"id":40140,"date":"2026-01-09T15:51:51","date_gmt":"2026-01-09T18:51:51","guid":{"rendered":"https:\/\/sabuguinho.com.br\/site\/?p=40140"},"modified":"2026-01-09T15:51:51","modified_gmt":"2026-01-09T18:51:51","slug":"vacina-contra-o-virus-sincicial-respiratorio-salva-vidas-e-reduz-complicacoes-para-gestantes-e-bebes","status":"publish","type":"post","link":"https:\/\/sabuguinho.com.br\/site\/vacina-contra-o-virus-sincicial-respiratorio-salva-vidas-e-reduz-complicacoes-para-gestantes-e-bebes\/","title":{"rendered":"Vacina contra o v\u00edrus sincicial respirat\u00f3rio salva vidas e reduz complica\u00e7\u00f5es para gestantes e beb\u00eas"},"content":{"rendered":"<p>A partir do acompanhamento das gestantes, Hapvida incentiva a imuniza\u00e7\u00e3o contra o VSR, que est\u00e1 dispon\u00edvel no sistema p\u00fablico a partir da 28\u00aa semana de gesta\u00e7\u00e3o; popula\u00e7\u00e3o deve se vacinar tamb\u00e9m contra Influenza e.   covid-19_<br \/>\nO v\u00edrus sincicial respirat\u00f3rio (VSR) \u00e9 respons\u00e1vel por cerca de 75% dos casos de bronquiolite e 40% dos casos de pneumonia em crian\u00e7as menores de dois anos, segundo dados do Minist\u00e9rio da Sa\u00fade. A melhor forma de preven\u00e7\u00e3o \u00e9 a vacina\u00e7\u00e3o de gestantes a partir da 28\u00aa semana. A vacina para j\u00e1 est\u00e1 dispon\u00edvel no Sistema \u00danico de Sa\u00fade (SUS) e promove a prote\u00e7\u00e3o do rec\u00e9m-nascido.<br \/>\nPara apoiar o Programa Nacional de Imuniza\u00e7\u00e3o e ampliar a cobertura vacinal no pa\u00eds, a Hapvida, maior empresa de sa\u00fade da Am\u00e9rica Latina, tem feito campanhas e contato direto com os clientes para demonstrar a import\u00e2ncia de todos estarem com a caderneta de vacina\u00e7\u00e3o em dia.<br \/>\n\u201cA vacina \u00e9 um cuidado necess\u00e1rio para a sa\u00fade individual e para a coletividade. \u00c9 o m\u00e9todo mais eficaz de prote\u00e7\u00e3o da comunidade. Por isso, todos devem fazer a sua parte. No caso do VSR, a imuniza\u00e7\u00e3o salva vidas, reduz hospitaliza\u00e7\u00f5es e evita complica\u00e7\u00f5es graves para os beb\u00eas\u201d, afirma o diretor m\u00e9dico de Programas Especiais da Hapvida, Andr\u00e9 Luiz Fioravante.<br \/>\nAt\u00e9 novembro, o Minist\u00e9rio da Sa\u00fade registrou mais de 43 mil casos de s\u00edndrome respirat\u00f3ria aguda grave (SRAG) causados por VSR no pa\u00eds. O maior n\u00famero de hospitaliza\u00e7\u00f5es ocorreu entre menores de dois anos, com 35,5 mil registros, o que representa 82,5% do total.<br \/>\nO m\u00e9dico explica que a maioria dos casos \u00e9 decorrente de uma infec\u00e7\u00e3o viral. O tratamento para a bronquiolite foca em diminuir os sintomas. \u201cEm alguns casos, \u00e9 necess\u00e1ria a terapia de suporte, com suplementa\u00e7\u00e3o de oxig\u00eanio, al\u00e9m de hidrata\u00e7\u00e3o e uso de broncodilatadores, que s\u00e3o subst\u00e2ncias que dilatam as pequenas vias a\u00e9reas nos pulm\u00f5es, especialmente quando h\u00e1 chiados evidentes\u201d, diz. <\/p>\n<p>Vacina\u00e7\u00e3o <\/p>\n<p>Ainda no pr\u00e9-natal, as gestantes da rede s\u00e3o orientadas a atualizar o cart\u00e3o de vacina\u00e7\u00e3o e procurar a unidade de sa\u00fade mais pr\u00f3xima. As equipes da Hapvida tamb\u00e9m fazem lembretes por meio de mensagens no WhatsApp das benefici\u00e1rias.<br \/>\nNo caso do VSR, n\u00e3o h\u00e1 restri\u00e7\u00e3o de idade para vacina\u00e7\u00e3o da m\u00e3e. A recomenda\u00e7\u00e3o \u00e9 tomar a dose \u00fanica a cada nova gesta\u00e7\u00e3o, a partir da 28\u00aa semana. \u201cA gestante que for a um posto p\u00fablico de sa\u00fade poder\u00e1 receber a vacina contra o VSR de forma gratuita e ainda se proteger contra a covid-19 e o v\u00edrus Influenza. As doses podem ser administradas simultaneamente, sem riscos\u201d, lembra Fioravante.<br \/>\nEstudos cl\u00ednicos comprovaram que a vacina\u00e7\u00e3o materna tem efic\u00e1cia de 81,8% na preven\u00e7\u00e3o de doen\u00e7as respirat\u00f3rias graves causadas pelo VSR em beb\u00eas durante os primeiros tr\u00eas meses de vida. <\/p>\n<p>Influenza e covid-19 <\/p>\n<p>A Organiza\u00e7\u00e3o Mundial da Sa\u00fade (OMS) emitiu um alerta \u00e0 Am\u00e9rica Latina para ampliar a vacina\u00e7\u00e3o ap\u00f3s o aumento de casos de influenza A (H3N2) na Europa, Am\u00e9ricas e Leste Asi\u00e1tico. Gestantes, crian\u00e7as menores de cinco anos e pessoas idosas e com comorbidades ou imunodeprimidas fazem parte do grupo de risco. Nestes casos, a doen\u00e7a pode evoluir rapidamente e levar \u00e0 interna\u00e7\u00e3o ou at\u00e9 mesmo a \u00f3bito. A mesma recomenda\u00e7\u00e3o vale para a covid-19.<br \/>\nA vacina\u00e7\u00e3o contra influenza reduz de 70% a 75% o risco de interna\u00e7\u00f5es em crian\u00e7as e at\u00e9 40% em adultos. \u00c9 importante que familiares e cuidadores tamb\u00e9m estejam imunizados para proteger as pessoas do grupo de maior vulnerabilidade.<br \/>\n\u201cEm caso de infec\u00e7\u00e3o, a gestante pode ter complica\u00e7\u00f5es como parto prematuro ou aborto. Os profissionais de sa\u00fade tamb\u00e9m precisam estar vacinados como prote\u00e7\u00e3o \u00e0 pr\u00f3pria sa\u00fade e para evitar a dissemina\u00e7\u00e3o do v\u00edrus aos pacientes. Al\u00e9m da vacina\u00e7\u00e3o, \u00e9 importante lembrar de higienizar sempre as m\u00e3os, usar m\u00e1scara e evitar contato pr\u00f3ximo quando apresentar algum sintoma\u201d, ressalta o diretor m\u00e9dico. <\/p>\n<p>Monitoramento <\/p>\n<p>Na Hapvida, pacientes com  comorbidades s\u00e3o monitorados pelas equipes dos Programas Especiais. S\u00e3o realizadas liga\u00e7\u00f5es telef\u00f4nicas para saber se eles est\u00e3o seguindo o tratamento, mas tamb\u00e9m para perguntar sobre vacina\u00e7\u00e3o. Falta de tempo e desconhecimento da import\u00e2ncia da vacina est\u00e3o entre as raz\u00f5es apontadas pelos benefici\u00e1rios para o atraso na imuniza\u00e7\u00e3o.<br \/>\nO contato inicial com o paciente fez com que 74% das pessoas procurassem um posto de sa\u00fade para tomar ao menos uma dose da vacina. \u201cA proximidade entre corpo cl\u00ednico e pacientes foi essencial na redu\u00e7\u00e3o de interna\u00e7\u00f5es. A estrat\u00e9gia demonstra que o cuidado integral traz resultados na qualidade de vida dos benefici\u00e1rios, mas tamb\u00e9m na melhora dos indicadores operacionais\u201d, finaliza Fioravante.<\/p>\n","protected":false},"excerpt":{"rendered":"<p>A partir do acompanhamento das gestantes, Hapvida incentiva a imuniza\u00e7\u00e3o contra o VSR, que est\u00e1 dispon\u00edvel no sistema p\u00fablico a partir da 28\u00aa semana de gesta\u00e7\u00e3o; popula\u00e7\u00e3o deve se vacinar tamb\u00e9m contra Influenza e. covid-19_ O v\u00edrus sincicial respirat\u00f3rio (VSR) \u00e9 respons\u00e1vel por cerca de 75% dos casos de bronquiolite e 40% dos casos de [&hellip;]<\/p>\n","protected":false},"author":2,"featured_media":40142,"comment_status":"open","ping_status":"open","sticky":false,"template":"","format":"standard","meta":{"footnotes":""},"categories":[57],"tags":[],"_links":{"self":[{"href":"https:\/\/sabuguinho.com.br\/site\/wp-json\/wp\/v2\/posts\/40140"}],"collection":[{"href":"https:\/\/sabuguinho.com.br\/site\/wp-json\/wp\/v2\/posts"}],"about":[{"href":"https:\/\/sabuguinho.com.br\/site\/wp-json\/wp\/v2\/types\/post"}],"author":[{"embeddable":true,"href":"https:\/\/sabuguinho.com.br\/site\/wp-json\/wp\/v2\/users\/2"}],"replies":[{"embeddable":true,"href":"https:\/\/sabuguinho.com.br\/site\/wp-json\/wp\/v2\/comments?post=40140"}],"version-history":[{"count":1,"href":"https:\/\/sabuguinho.com.br\/site\/wp-json\/wp\/v2\/posts\/40140\/revisions"}],"predecessor-version":[{"id":40143,"href":"https:\/\/sabuguinho.com.br\/site\/wp-json\/wp\/v2\/posts\/40140\/revisions\/40143"}],"wp:featuredmedia":[{"embeddable":true,"href":"https:\/\/sabuguinho.com.br\/site\/wp-json\/wp\/v2\/media\/40142"}],"wp:attachment":[{"href":"https:\/\/sabuguinho.com.br\/site\/wp-json\/wp\/v2\/media?parent=40140"}],"wp:term":[{"taxonomy":"category","embeddable":true,"href":"https:\/\/sabuguinho.com.br\/site\/wp-json\/wp\/v2\/categories?post=40140"},{"taxonomy":"post_tag","embeddable":true,"href":"https:\/\/sabuguinho.com.br\/site\/wp-json\/wp\/v2\/tags?post=40140"}],"curies":[{"name":"wp","href":"https:\/\/api.w.org\/{rel}","templated":true}]}}