{"id":40124,"date":"2026-01-09T12:07:07","date_gmt":"2026-01-09T15:07:07","guid":{"rendered":"https:\/\/sabuguinho.com.br\/site\/?p=40124"},"modified":"2026-01-09T12:07:07","modified_gmt":"2026-01-09T15:07:07","slug":"terras-de-sao-jose-obras-do-posto-de-saude-esta-em-reta-final","status":"publish","type":"post","link":"https:\/\/sabuguinho.com.br\/site\/terras-de-sao-jose-obras-do-posto-de-saude-esta-em-reta-final\/","title":{"rendered":"Terras de S\u00e3o Jos\u00e9: obras do posto de sa\u00fade est\u00e1 em reta final"},"content":{"rendered":"<p>Trabalhos seguem com instala\u00e7\u00e3o da parte hidr\u00e1ulica, execu\u00e7\u00e3o do reboco e acabamentos finais<\/p>\n<p>Por: REDA\u00c7\u00c3O | SECOM.<\/p>\n<p>As obras para a constru\u00e7\u00e3o da Unidade B\u00e1sica de Sa\u00fade (UBS) do Loteamento Terras de S\u00e3o Jos\u00e9 registraram mais um avan\u00e7o.<\/p>\n<p>O pr\u00e9dio j\u00e1 conta com reboco externo conclu\u00eddo e avan\u00e7a nos acabamentos internos, com a instala\u00e7\u00e3o e finaliza\u00e7\u00e3o do piso e a parte el\u00e9trica entrando na reta final, al\u00e9m dos servi\u00e7os hidr\u00e1ulicos.<br \/>\nO empreendimento da Prefeitura da Est\u00e2ncia Tur\u00edstica de Avar\u00e9 \u00e9 uma reivindica\u00e7\u00e3o antiga dos moradores da localidade.<br \/>\nOs trabalhos tiveram in\u00edcio em fevereiro de 2025 e tem previs\u00e3o para encerrar em mar\u00e7o de 2026. Com a constru\u00e7\u00e3o da primeira UBS do bairro, os moradores n\u00e3o precisar\u00e3o mais buscar atendimento em outros postos.<\/p>\n<p>Projeto<\/p>\n<p>A obra \u00e9 acompanhada pela Secretaria Municipal de Planejamento e Obras. A futura UBS est\u00e1 estrategicamente localizada na Avenida Bannwart, uma das principais vias do Terras de S\u00e3o Jos\u00e9.<br \/>\nS\u00e3o 367 metros quadrados de \u00e1rea constru\u00edda. O projeto inclui consult\u00f3rios m\u00e9dicos e odontol\u00f3gicos, recep\u00e7\u00e3o, sala de vacina, sanit\u00e1rios acess\u00edveis e \u00e1rea t\u00e9cnica, garantindo um atendimento mais eficiente \u00e0 popula\u00e7\u00e3o.<br \/>\nO investimento \u00e9 de R$ 1.509 milh\u00e3o, com previs\u00e3o de conclus\u00e3o em 2026. O empreendimento \u00e9 fruto de conv\u00eanio entre a Prefeitura de Avar\u00e9 e o Governo Federal, por meio do Minist\u00e9rio do Desenvolvimento Regional.<\/p>\n","protected":false},"excerpt":{"rendered":"<p>Trabalhos seguem com instala\u00e7\u00e3o da parte hidr\u00e1ulica, execu\u00e7\u00e3o do reboco e acabamentos finais Por: REDA\u00c7\u00c3O | SECOM. As obras para a constru\u00e7\u00e3o da Unidade B\u00e1sica de Sa\u00fade (UBS) do Loteamento Terras de S\u00e3o Jos\u00e9 registraram mais um avan\u00e7o. O pr\u00e9dio j\u00e1 conta com reboco externo conclu\u00eddo e avan\u00e7a nos acabamentos internos, com a instala\u00e7\u00e3o e [&hellip;]<\/p>\n","protected":false},"author":2,"featured_media":40127,"comment_status":"open","ping_status":"open","sticky":false,"template":"","format":"standard","meta":{"footnotes":""},"categories":[58],"tags":[],"_links":{"self":[{"href":"https:\/\/sabuguinho.com.br\/site\/wp-json\/wp\/v2\/posts\/40124"}],"collection":[{"href":"https:\/\/sabuguinho.com.br\/site\/wp-json\/wp\/v2\/posts"}],"about":[{"href":"https:\/\/sabuguinho.com.br\/site\/wp-json\/wp\/v2\/types\/post"}],"author":[{"embeddable":true,"href":"https:\/\/sabuguinho.com.br\/site\/wp-json\/wp\/v2\/users\/2"}],"replies":[{"embeddable":true,"href":"https:\/\/sabuguinho.com.br\/site\/wp-json\/wp\/v2\/comments?post=40124"}],"version-history":[{"count":1,"href":"https:\/\/sabuguinho.com.br\/site\/wp-json\/wp\/v2\/posts\/40124\/revisions"}],"predecessor-version":[{"id":40128,"href":"https:\/\/sabuguinho.com.br\/site\/wp-json\/wp\/v2\/posts\/40124\/revisions\/40128"}],"wp:featuredmedia":[{"embeddable":true,"href":"https:\/\/sabuguinho.com.br\/site\/wp-json\/wp\/v2\/media\/40127"}],"wp:attachment":[{"href":"https:\/\/sabuguinho.com.br\/site\/wp-json\/wp\/v2\/media?parent=40124"}],"wp:term":[{"taxonomy":"category","embeddable":true,"href":"https:\/\/sabuguinho.com.br\/site\/wp-json\/wp\/v2\/categories?post=40124"},{"taxonomy":"post_tag","embeddable":true,"href":"https:\/\/sabuguinho.com.br\/site\/wp-json\/wp\/v2\/tags?post=40124"}],"curies":[{"name":"wp","href":"https:\/\/api.w.org\/{rel}","templated":true}]}}