{"id":401,"date":"2023-11-02T11:56:48","date_gmt":"2023-11-02T14:56:48","guid":{"rendered":"https:\/\/sabuguinho.com.br\/site\/?p=401"},"modified":"2023-11-02T11:56:48","modified_gmt":"2023-11-02T14:56:48","slug":"cultura-avare-recebe-edicao-do-circuito-sesc-de-artes-no-dia-19-de-novembro","status":"publish","type":"post","link":"https:\/\/sabuguinho.com.br\/site\/cultura-avare-recebe-edicao-do-circuito-sesc-de-artes-no-dia-19-de-novembro\/","title":{"rendered":"CULTURA &#8211;  Avar\u00e9 recebe edi\u00e7\u00e3o do Circuito SESC de Artes no dia 19 de novembro"},"content":{"rendered":"<p>Evento aberto ao p\u00fablico leva m\u00fasica, teatro, dan\u00e7a e literatura ao Largo S\u00e3o Jo\u00e3o das 16h \u00e0s 20 horas<\/p>\n<p>A Est\u00e2ncia Tur\u00edstica de Avar\u00e9 vai receber mais uma edi\u00e7\u00e3o do Circuito SESC de Artes no domingo, 19 de novembro.<br \/>\nO evento aberto ao p\u00fablico acontece das 16h \u00e0s 20 horas no Largo S\u00e3o Jo\u00e3o. A programa\u00e7\u00e3o conta com m\u00fasica, dan\u00e7a, circo, teatro, cinema, literatura, artes visuais e tecnologias, com classifica\u00e7\u00e3o livre<br \/>\nA iniciativa que leva atra\u00e7\u00f5es culturais de qualidade a espa\u00e7os p\u00fablicos \u00e9 uma parceria com a Secretaria Municipal de Cultura.<\/p>\n<p>Programa\u00e7\u00e3o<\/p>\n<p>O Circuito SESC de Artes 2023 traz o Coletivo Tocaya. Os DJs Micheletti e Roze, de Araraquara, v\u00e3o apresentar uma sele\u00e7\u00e3o que celebra a diversidade de g\u00eaneros e ritmos brasileiros, ecoando desde tambores ancestrais at\u00e9 pegadas eletr\u00f4nicas contempor\u00e2neas.<\/p>\n<p>Outra atra\u00e7\u00e3o musical \u00e9 a cantora Janayna Pereira. Depois de 18 anos \u00e0 frente da banda de forr\u00f3 Bicho de P\u00e9, ela estreia seu trabalho solo, o \u00e1lbum \u201cTempo Bom\u201d.<\/p>\n<p>O teatro tamb\u00e9m est\u00e1 representado no Circuito SESC de Artes. A grade conta com a pe\u00e7a \u201cO Rastro do Meu Passo\u201d, do Grupo Fora do S\u00e9rio.<\/p>\n<p>J\u00e1 o Grupo V\u00e3o ir\u00e1 apresentar o espet\u00e1culo de dan\u00e7a \u201cNo hay banda \u00e9 tudo playback\u201d, com<\/p>\n<p>coreografias embaladas por vers\u00f5es remixadas de can\u00e7\u00f5es dos anos 1990, todas interpretadas por mulheres.<\/p>\n<p>Usando \u00f3culos e fones de ouvido especiais, o p\u00fablico poder\u00e1 ainda participar de uma experi\u00eancia de cinema em realidade virtual assistindo ao filme \u201cGravidade\u201d, curta brasileiro que tem dire\u00e7\u00e3o de Fabito Rychter e Amir Admoni.<\/p>\n<p>Na oficina \u201cAmuletos Identit\u00e1rios\u201d, integrantes do Coletivo Manguezal, de Araraquara, prop\u00f5em a confec\u00e7\u00e3o de objetos \u00fanicos a partir de materiais como retalhos de tecidos, linhas, barbantes, bot\u00f5es e objetos recicl\u00e1veis.<\/p>\n<p>Por meio do fazer manual, a oficina incentiva que o p\u00fablico trabalhe a criatividade e quest\u00f5es como afetos, subjetividade, autoestima e autocuidado.<\/p>\n<p>J\u00e1 com a media\u00e7\u00e3o de leitura \u201cLivro, palavra livre\u201d, o Badai\u00e1, conduzido por Augusto Figliaggi e Elaine Guarani, conta hist\u00f3rias pontuadas pelo som de viol\u00e3o, flauta e pandeiro, numa linguagem que busca provocar encantamento e facilitar a descontra\u00e7\u00e3o do p\u00fablico infantil.<\/p>\n<p><img loading=\"lazy\" decoding=\"async\" src=\"https:\/\/sabuguinho.com.br\/site\/wp-content\/uploads\/2023\/11\/Circuito-SESC-de-Artes-2022-I-Arquivo-Secom-Avare-3-150x100.jpg\" alt=\"\" width=\"150\" height=\"100\" class=\"alignnone size-medium wp-image-402\" srcset=\"https:\/\/sabuguinho.com.br\/site\/wp-content\/uploads\/2023\/11\/Circuito-SESC-de-Artes-2022-I-Arquivo-Secom-Avare-3-150x100.jpg 150w, https:\/\/sabuguinho.com.br\/site\/wp-content\/uploads\/2023\/11\/Circuito-SESC-de-Artes-2022-I-Arquivo-Secom-Avare-3-512x341.jpg 512w, https:\/\/sabuguinho.com.br\/site\/wp-content\/uploads\/2023\/11\/Circuito-SESC-de-Artes-2022-I-Arquivo-Secom-Avare-3-768x512.jpg 768w, https:\/\/sabuguinho.com.br\/site\/wp-content\/uploads\/2023\/11\/Circuito-SESC-de-Artes-2022-I-Arquivo-Secom-Avare-3-1536x1024.jpg 1536w, https:\/\/sabuguinho.com.br\/site\/wp-content\/uploads\/2023\/11\/Circuito-SESC-de-Artes-2022-I-Arquivo-Secom-Avare-3-2048x1365.jpg 2048w, https:\/\/sabuguinho.com.br\/site\/wp-content\/uploads\/2023\/11\/Circuito-SESC-de-Artes-2022-I-Arquivo-Secom-Avare-3-750x500.jpg 750w, https:\/\/sabuguinho.com.br\/site\/wp-content\/uploads\/2023\/11\/Circuito-SESC-de-Artes-2022-I-Arquivo-Secom-Avare-3-1140x760.jpg 1140w\" sizes=\"(max-width: 150px) 100vw, 150px\" \/><\/p>\n<p><img loading=\"lazy\" decoding=\"async\" src=\"https:\/\/sabuguinho.com.br\/site\/wp-content\/uploads\/2023\/11\/Circuito-SESC-de-Artes-2022-I-Arquivo-Secom-Avare-2-150x100.jpg\" alt=\"\" width=\"150\" height=\"100\" class=\"alignnone size-medium wp-image-403\" srcset=\"https:\/\/sabuguinho.com.br\/site\/wp-content\/uploads\/2023\/11\/Circuito-SESC-de-Artes-2022-I-Arquivo-Secom-Avare-2-150x100.jpg 150w, https:\/\/sabuguinho.com.br\/site\/wp-content\/uploads\/2023\/11\/Circuito-SESC-de-Artes-2022-I-Arquivo-Secom-Avare-2-512x341.jpg 512w, https:\/\/sabuguinho.com.br\/site\/wp-content\/uploads\/2023\/11\/Circuito-SESC-de-Artes-2022-I-Arquivo-Secom-Avare-2-768x512.jpg 768w, https:\/\/sabuguinho.com.br\/site\/wp-content\/uploads\/2023\/11\/Circuito-SESC-de-Artes-2022-I-Arquivo-Secom-Avare-2-1536x1024.jpg 1536w, https:\/\/sabuguinho.com.br\/site\/wp-content\/uploads\/2023\/11\/Circuito-SESC-de-Artes-2022-I-Arquivo-Secom-Avare-2-2048x1365.jpg 2048w, https:\/\/sabuguinho.com.br\/site\/wp-content\/uploads\/2023\/11\/Circuito-SESC-de-Artes-2022-I-Arquivo-Secom-Avare-2-750x500.jpg 750w, https:\/\/sabuguinho.com.br\/site\/wp-content\/uploads\/2023\/11\/Circuito-SESC-de-Artes-2022-I-Arquivo-Secom-Avare-2-1140x760.jpg 1140w\" sizes=\"(max-width: 150px) 100vw, 150px\" \/><\/p>\n","protected":false},"excerpt":{"rendered":"<p>Evento aberto ao p\u00fablico leva m\u00fasica, teatro, dan\u00e7a e literatura ao Largo S\u00e3o Jo\u00e3o das 16h \u00e0s 20 horas A Est\u00e2ncia Tur\u00edstica de Avar\u00e9 vai receber mais uma edi\u00e7\u00e3o do Circuito SESC de Artes no domingo, 19 de novembro. O evento aberto ao p\u00fablico acontece das 16h \u00e0s 20 horas no Largo S\u00e3o Jo\u00e3o. A [&hellip;]<\/p>\n","protected":false},"author":2,"featured_media":404,"comment_status":"open","ping_status":"open","sticky":false,"template":"","format":"standard","meta":{"footnotes":""},"categories":[58],"tags":[],"_links":{"self":[{"href":"https:\/\/sabuguinho.com.br\/site\/wp-json\/wp\/v2\/posts\/401"}],"collection":[{"href":"https:\/\/sabuguinho.com.br\/site\/wp-json\/wp\/v2\/posts"}],"about":[{"href":"https:\/\/sabuguinho.com.br\/site\/wp-json\/wp\/v2\/types\/post"}],"author":[{"embeddable":true,"href":"https:\/\/sabuguinho.com.br\/site\/wp-json\/wp\/v2\/users\/2"}],"replies":[{"embeddable":true,"href":"https:\/\/sabuguinho.com.br\/site\/wp-json\/wp\/v2\/comments?post=401"}],"version-history":[{"count":1,"href":"https:\/\/sabuguinho.com.br\/site\/wp-json\/wp\/v2\/posts\/401\/revisions"}],"predecessor-version":[{"id":405,"href":"https:\/\/sabuguinho.com.br\/site\/wp-json\/wp\/v2\/posts\/401\/revisions\/405"}],"wp:featuredmedia":[{"embeddable":true,"href":"https:\/\/sabuguinho.com.br\/site\/wp-json\/wp\/v2\/media\/404"}],"wp:attachment":[{"href":"https:\/\/sabuguinho.com.br\/site\/wp-json\/wp\/v2\/media?parent=401"}],"wp:term":[{"taxonomy":"category","embeddable":true,"href":"https:\/\/sabuguinho.com.br\/site\/wp-json\/wp\/v2\/categories?post=401"},{"taxonomy":"post_tag","embeddable":true,"href":"https:\/\/sabuguinho.com.br\/site\/wp-json\/wp\/v2\/tags?post=401"}],"curies":[{"name":"wp","href":"https:\/\/api.w.org\/{rel}","templated":true}]}}