{"id":40034,"date":"2026-01-06T15:02:10","date_gmt":"2026-01-06T18:02:10","guid":{"rendered":"https:\/\/sabuguinho.com.br\/site\/?p=40034"},"modified":"2026-01-06T15:02:10","modified_gmt":"2026-01-06T18:02:10","slug":"pat-de-avare-anuncia-245-vagas-e-impulsiona-mercado-de-trabalho-no-inicio-de-2026","status":"publish","type":"post","link":"https:\/\/sabuguinho.com.br\/site\/pat-de-avare-anuncia-245-vagas-e-impulsiona-mercado-de-trabalho-no-inicio-de-2026\/","title":{"rendered":"PAT de Avar\u00e9 anuncia 245 vagas e impulsiona mercado de trabalho no in\u00edcio de 2026"},"content":{"rendered":"<p>Secretaria Municipal de Ind\u00fastria e Com\u00e9rcio divulga novas oportunidades e refor\u00e7a compromisso com gera\u00e7\u00e3o de emprego e renda<\/p>\n<p>A Est\u00e2ncia Tur\u00edstica de Avar\u00e9 iniciou 2026 com um forte impulso na gera\u00e7\u00e3o de empregos. O Posto de Atendimento ao Trabalhador PAT de Avar\u00e9 est\u00e1 com 245 vagas abertas, conforme atualiza\u00e7\u00e3o desta segunda-feira, 5 de janeiro, contemplando desde fun\u00e7\u00f5es operacionais at\u00e9 cargos t\u00e9cnicos e administrativos, ampliando as chances de inser\u00e7\u00e3o no mercado para diferentes perfis profissionais.<br \/>\nA divulga\u00e7\u00e3o oficial \u00e9 da Prefeitura da Est\u00e2ncia Tur\u00edstica de Avar\u00e9, por meio da Secretaria Municipal de Ind\u00fastria e Com\u00e9rcio, que vem atuando para aproximar empresas e trabalhadores e acelerar a ocupa\u00e7\u00e3o das vagas dispon\u00edveis no munic\u00edpio.<br \/>\nEntre os destaques est\u00e3o 150 vagas para colhedor de laranja, 20 vagas para auxiliar de avi\u00e1rio, al\u00e9m de oportunidades para balconistas, atendentes, operadores de caixa, a\u00e7ougueiro, consultores, promotores de vendas, t\u00e9cnicos de enfermagem, motoristas, cozinheiros, jardineiros, entre muitas outras fun\u00e7\u00f5es que atendem tanto o setor produtivo quanto o com\u00e9rcio e os servi\u00e7os.<br \/>\nPara o secret\u00e1rio municipal de Ind\u00fastria e Com\u00e9rcio, Ricardinho Oliveira, o grande volume de vagas no in\u00edcio do ano mostra que Avar\u00e9 vive um momento de retomada e confian\u00e7a do setor empresarial. \u201cEssas 245 vagas representam muito mais do que n\u00fameros. Elas significam fam\u00edlias com renda, pessoas retomando a dignidade do trabalho e empresas acreditando no potencial econ\u00f4mico de Avar\u00e9. Nosso papel \u00e9 garantir que essas oportunidades cheguem r\u00e1pido a quem precisa\u201d, afirmou.<br \/>\nAs vagas abrangem \u00e1reas como alimenta\u00e7\u00e3o, ind\u00fastria, com\u00e9rcio, constru\u00e7\u00e3o civil, sa\u00fade, log\u00edstica, agricultura e vendas externas, permitindo que trabalhadores com ou sem experi\u00eancia encontrem alternativas compat\u00edveis com seus perfis.<\/p>\n<p>Como se candidatar<\/p>\n<p>Os candidatos interessados devem se cadastrar no portal empregabrasil.mte.gov.br ou comparecer ao PAT de Avar\u00e9, munidos de Carteira de Trabalho, RG, CPF ou CNH. O atendimento ocorre na Rua Minas Gerais, na CAIC, regi\u00e3o central da cidade. Mais informa\u00e7\u00f5es podem ser obtidas pelo telefone (14) 3732 1414.<br \/>\nJ\u00e1 os empregadores que desejam ofertar vagas devem realizar cadastro no mesmo portal ou diretamente no PAT, para inclus\u00e3o de oportunidades e encaminhamento de candidatos.<br \/>\nA Secretaria de Ind\u00fastria e Com\u00e9rcio ressalta que as vagas s\u00e3o din\u00e2micas e podem sofrer altera\u00e7\u00f5es conforme o limite de encaminhamentos \u00e9 preenchido, por isso a recomenda\u00e7\u00e3o \u00e9 que os interessados busquem o atendimento o quanto antes.<br \/>\nCom centenas de oportunidades abertas logo nos primeiros dias do ano, Avar\u00e9 refor\u00e7a seu papel como polo regional de trabalho e desenvolvimento, conectando empresas, trabalhadores e novos projetos de vida.<\/p>\n","protected":false},"excerpt":{"rendered":"<p>Secretaria Municipal de Ind\u00fastria e Com\u00e9rcio divulga novas oportunidades e refor\u00e7a compromisso com gera\u00e7\u00e3o de emprego e renda A Est\u00e2ncia Tur\u00edstica de Avar\u00e9 iniciou 2026 com um forte impulso na gera\u00e7\u00e3o de empregos. O Posto de Atendimento ao Trabalhador PAT de Avar\u00e9 est\u00e1 com 245 vagas abertas, conforme atualiza\u00e7\u00e3o desta segunda-feira, 5 de janeiro, contemplando [&hellip;]<\/p>\n","protected":false},"author":2,"featured_media":40035,"comment_status":"open","ping_status":"open","sticky":false,"template":"","format":"standard","meta":{"footnotes":""},"categories":[141],"tags":[],"_links":{"self":[{"href":"https:\/\/sabuguinho.com.br\/site\/wp-json\/wp\/v2\/posts\/40034"}],"collection":[{"href":"https:\/\/sabuguinho.com.br\/site\/wp-json\/wp\/v2\/posts"}],"about":[{"href":"https:\/\/sabuguinho.com.br\/site\/wp-json\/wp\/v2\/types\/post"}],"author":[{"embeddable":true,"href":"https:\/\/sabuguinho.com.br\/site\/wp-json\/wp\/v2\/users\/2"}],"replies":[{"embeddable":true,"href":"https:\/\/sabuguinho.com.br\/site\/wp-json\/wp\/v2\/comments?post=40034"}],"version-history":[{"count":1,"href":"https:\/\/sabuguinho.com.br\/site\/wp-json\/wp\/v2\/posts\/40034\/revisions"}],"predecessor-version":[{"id":40036,"href":"https:\/\/sabuguinho.com.br\/site\/wp-json\/wp\/v2\/posts\/40034\/revisions\/40036"}],"wp:featuredmedia":[{"embeddable":true,"href":"https:\/\/sabuguinho.com.br\/site\/wp-json\/wp\/v2\/media\/40035"}],"wp:attachment":[{"href":"https:\/\/sabuguinho.com.br\/site\/wp-json\/wp\/v2\/media?parent=40034"}],"wp:term":[{"taxonomy":"category","embeddable":true,"href":"https:\/\/sabuguinho.com.br\/site\/wp-json\/wp\/v2\/categories?post=40034"},{"taxonomy":"post_tag","embeddable":true,"href":"https:\/\/sabuguinho.com.br\/site\/wp-json\/wp\/v2\/tags?post=40034"}],"curies":[{"name":"wp","href":"https:\/\/api.w.org\/{rel}","templated":true}]}}