{"id":40025,"date":"2026-01-06T14:00:40","date_gmt":"2026-01-06T17:00:40","guid":{"rendered":"https:\/\/sabuguinho.com.br\/site\/?p=40025"},"modified":"2026-01-06T14:00:40","modified_gmt":"2026-01-06T17:00:40","slug":"aumento-de-611-nas-contas-de-agua-da-sabesp-ja-entrou-em-vigor","status":"publish","type":"post","link":"https:\/\/sabuguinho.com.br\/site\/aumento-de-611-nas-contas-de-agua-da-sabesp-ja-entrou-em-vigor\/","title":{"rendered":"Aumento de 6,11% nas contas de \u00e1gua da Sabesp j\u00e1 entrou em vigor"},"content":{"rendered":"<p>Segundo governo Tarc\u00edsio de Freitas (Republicanos), reajuste da tarifa apenas atualiza a infla\u00e7\u00e3o em 16 meses, sem aumento real<\/p>\n<p>A chegada do ano novo no Estado de S\u00e3o Paulo foi acompanhada na quinta-feira (1\u00b0) pelo reajuste nas contas de \u00e1gua da Sabesp no estado.<br \/>\nA tarifa b\u00e1sica de \u00e1gua sofre um reajuste de 6,11% a partir deste 1\u00b0 dia do ano de 2026. A Sabesp (Companhia de Saneamento B\u00e1sico do Estado de S\u00e3o Paulo) \u00e9 a empresa respons\u00e1vel por fornecer \u00e1gua pot\u00e1vel, coletar e tratar esgoto.<br \/>\nSegundo a gest\u00e3o do governador Tarc\u00edsio de Freitas (Republicanos), o aumento equivale \u00e0 corre\u00e7\u00e3o da infla\u00e7\u00e3o nos \u00faltimos 16 meses, per\u00edodo usado como refer\u00eancia desde a privatiza\u00e7\u00e3o da empresa.<br \/>\nPara uma conta de \u00e1gua da tarifa residencial com consumo de 11m3 a 20m3, o custo de mil litros sai de R$ 6,01 e passa a ser de R$ 6,40 por m3.<br \/>\nO aumento foi definido pela Ag\u00eancia Reguladora de Servi\u00e7os P\u00fablicos do Estado de S\u00e3o Paulo (Arsesp) do governo paulista em 1\u00b0 de dezembro.<br \/>\nAntes do processo de privatiza\u00e7\u00e3o, o governador Tarc\u00edsio de Freitas (Republicanos) declarou que a tarifa da companhia n\u00e3o iria aumentar para a popula\u00e7\u00e3o.<br \/>\nDepois, durante a privatiza\u00e7\u00e3o, o governador explicou que a cobran\u00e7a n\u00e3o aumentaria al\u00e9m de um \u00edndice de refer\u00eancia, projetado em contrato, que simula como seria a tarifa da Sabesp ao longo dos anos caso ela permanecesse estatizada.<br \/>\nNesse primeiro reajuste da tarifa p\u00f3s-privatiza\u00e7\u00e3o, o governo afirma que o percentual de 6,11% ficou 15% abaixo desse \u00edndice, caso a empresa tivesse sido mantida estatal e n\u00e3o fosse privatizada pela gest\u00e3o Tarc\u00edsio.<br \/>\n\u201cA delibera\u00e7\u00e3o dos novos valores, feita pela Ag\u00eancia Reguladora de Servi\u00e7os P\u00fablicos do Estado de S\u00e3o Paulo (Arsesp), prev\u00ea somente a reposi\u00e7\u00e3o inflacion\u00e1ria do IPCA acumulado entre julho de 2024 e outubro de 2025, de 6,11%, sem aumento real para o consumidor\u201d, diz a gest\u00e3o Tarc\u00edsio.<br \/>\n\u201cA recomposi\u00e7\u00e3o tarif\u00e1ria seguiu o previsto no contrato, levando-se em conta a infla\u00e7\u00e3o acumulada nos 16 meses iniciais desde a desestatiza\u00e7\u00e3o, em julho de 2024. Nos pr\u00f3ximos ciclos, o c\u00e1lculo voltar\u00e1 a ser baseado em 12 meses. O novo modelo tamb\u00e9m incorpora o conceito de \u201ctarifa de equil\u00edbrio\u201d, criada para absorver investimentos efetivamente realizados e auditados pela Arsesp\u201d, afirmou o governo paulista.<\/p>\n","protected":false},"excerpt":{"rendered":"<p>Segundo governo Tarc\u00edsio de Freitas (Republicanos), reajuste da tarifa apenas atualiza a infla\u00e7\u00e3o em 16 meses, sem aumento real A chegada do ano novo no Estado de S\u00e3o Paulo foi acompanhada na quinta-feira (1\u00b0) pelo reajuste nas contas de \u00e1gua da Sabesp no estado. A tarifa b\u00e1sica de \u00e1gua sofre um reajuste de 6,11% a [&hellip;]<\/p>\n","protected":false},"author":2,"featured_media":40028,"comment_status":"open","ping_status":"open","sticky":false,"template":"","format":"standard","meta":{"footnotes":""},"categories":[1],"tags":[],"_links":{"self":[{"href":"https:\/\/sabuguinho.com.br\/site\/wp-json\/wp\/v2\/posts\/40025"}],"collection":[{"href":"https:\/\/sabuguinho.com.br\/site\/wp-json\/wp\/v2\/posts"}],"about":[{"href":"https:\/\/sabuguinho.com.br\/site\/wp-json\/wp\/v2\/types\/post"}],"author":[{"embeddable":true,"href":"https:\/\/sabuguinho.com.br\/site\/wp-json\/wp\/v2\/users\/2"}],"replies":[{"embeddable":true,"href":"https:\/\/sabuguinho.com.br\/site\/wp-json\/wp\/v2\/comments?post=40025"}],"version-history":[{"count":1,"href":"https:\/\/sabuguinho.com.br\/site\/wp-json\/wp\/v2\/posts\/40025\/revisions"}],"predecessor-version":[{"id":40029,"href":"https:\/\/sabuguinho.com.br\/site\/wp-json\/wp\/v2\/posts\/40025\/revisions\/40029"}],"wp:featuredmedia":[{"embeddable":true,"href":"https:\/\/sabuguinho.com.br\/site\/wp-json\/wp\/v2\/media\/40028"}],"wp:attachment":[{"href":"https:\/\/sabuguinho.com.br\/site\/wp-json\/wp\/v2\/media?parent=40025"}],"wp:term":[{"taxonomy":"category","embeddable":true,"href":"https:\/\/sabuguinho.com.br\/site\/wp-json\/wp\/v2\/categories?post=40025"},{"taxonomy":"post_tag","embeddable":true,"href":"https:\/\/sabuguinho.com.br\/site\/wp-json\/wp\/v2\/tags?post=40025"}],"curies":[{"name":"wp","href":"https:\/\/api.w.org\/{rel}","templated":true}]}}