{"id":39713,"date":"2025-12-30T11:21:12","date_gmt":"2025-12-30T14:21:12","guid":{"rendered":"https:\/\/sabuguinho.com.br\/site\/?p=39713"},"modified":"2025-12-30T11:21:12","modified_gmt":"2025-12-30T14:21:12","slug":"divida-ativa-saiba-como-regularizar-situacao-e-evitar-inclusao-no-cadin","status":"publish","type":"post","link":"https:\/\/sabuguinho.com.br\/site\/divida-ativa-saiba-como-regularizar-situacao-e-evitar-inclusao-no-cadin\/","title":{"rendered":"D\u00edvida Ativa: saiba como regularizar situa\u00e7\u00e3o e evitar inclus\u00e3o no CADIN"},"content":{"rendered":"<p>Contribuinte deve entrar em contato com Departamento de Tributa\u00e7\u00e3o e verificar op\u00e7\u00f5es de pagamento<\/p>\n<p>Por: REDA\u00c7\u00c3O | SECOM.<\/p>\n<p>A D\u00edvida Ativa Municipal \u00e9 o conjunto de d\u00e9bitos que pessoas f\u00edsicas ou jur\u00eddicas t\u00eam com o munic\u00edpio e que n\u00e3o foram pagos no prazo legal.<br \/>\nPor conta disso, esses d\u00e9bitos s\u00e3o formalmente inscritos em D\u00edvida Ativa pela Prefeitura de Avar\u00e9 para cobran\u00e7a.<br \/>\nEles podem incluir IPTU, ISS, taxas municipais (licen\u00e7a e alvar\u00e1, entre outras) e multas administrativas.<br \/>\nAl\u00e9m de ter o d\u00e9bito executado judicialmente pela Fazenda Municipal, o contribuinte \u00e9 inclu\u00eddo no Cadastro Informativo dos Cr\u00e9ditos n\u00e3o Quitados de \u00d3rg\u00e3os P\u00fablicos (CADIN), um banco de dados onde est\u00e3o registrados os nomes de pessoas em d\u00e9bito com \u00f3rg\u00e3os e entidades p\u00fablicas.<\/p>\n<p>Como regularizar a D\u00edvida Ativa?<\/p>\n<p>Regularizar a D\u00edvida Ativa Municipal \u00e9 r\u00e1pido, f\u00e1cil e evita a inscri\u00e7\u00e3o no CADIN. Basta entrar em contato com o Departamento de Tributa\u00e7\u00e3o, que fica no Centro Administrativo, e verificar as op\u00e7\u00f5es de pagamento.<br \/>\nO endere\u00e7o \u00e9 Rua Rio Grande do Sul, n\u00ba 1890, no centro de Avar\u00e9. O atendimento ao p\u00fablico \u00e9 de segunda a sexta-feira, das 8h \u00e0s 17 horas.<br \/>\nOutras informa\u00e7\u00f5es podem ser obtidas pelo e-mail tributacao@avare.sp.gov.br ou pelos telefones (14) 3711-2537 ou (14) 3711-2561.<\/p>\n","protected":false},"excerpt":{"rendered":"<p>Contribuinte deve entrar em contato com Departamento de Tributa\u00e7\u00e3o e verificar op\u00e7\u00f5es de pagamento Por: REDA\u00c7\u00c3O | SECOM. A D\u00edvida Ativa Municipal \u00e9 o conjunto de d\u00e9bitos que pessoas f\u00edsicas ou jur\u00eddicas t\u00eam com o munic\u00edpio e que n\u00e3o foram pagos no prazo legal. Por conta disso, esses d\u00e9bitos s\u00e3o formalmente inscritos em D\u00edvida Ativa [&hellip;]<\/p>\n","protected":false},"author":2,"featured_media":39714,"comment_status":"open","ping_status":"open","sticky":false,"template":"","format":"standard","meta":{"footnotes":""},"categories":[124],"tags":[],"_links":{"self":[{"href":"https:\/\/sabuguinho.com.br\/site\/wp-json\/wp\/v2\/posts\/39713"}],"collection":[{"href":"https:\/\/sabuguinho.com.br\/site\/wp-json\/wp\/v2\/posts"}],"about":[{"href":"https:\/\/sabuguinho.com.br\/site\/wp-json\/wp\/v2\/types\/post"}],"author":[{"embeddable":true,"href":"https:\/\/sabuguinho.com.br\/site\/wp-json\/wp\/v2\/users\/2"}],"replies":[{"embeddable":true,"href":"https:\/\/sabuguinho.com.br\/site\/wp-json\/wp\/v2\/comments?post=39713"}],"version-history":[{"count":1,"href":"https:\/\/sabuguinho.com.br\/site\/wp-json\/wp\/v2\/posts\/39713\/revisions"}],"predecessor-version":[{"id":39715,"href":"https:\/\/sabuguinho.com.br\/site\/wp-json\/wp\/v2\/posts\/39713\/revisions\/39715"}],"wp:featuredmedia":[{"embeddable":true,"href":"https:\/\/sabuguinho.com.br\/site\/wp-json\/wp\/v2\/media\/39714"}],"wp:attachment":[{"href":"https:\/\/sabuguinho.com.br\/site\/wp-json\/wp\/v2\/media?parent=39713"}],"wp:term":[{"taxonomy":"category","embeddable":true,"href":"https:\/\/sabuguinho.com.br\/site\/wp-json\/wp\/v2\/categories?post=39713"},{"taxonomy":"post_tag","embeddable":true,"href":"https:\/\/sabuguinho.com.br\/site\/wp-json\/wp\/v2\/tags?post=39713"}],"curies":[{"name":"wp","href":"https:\/\/api.w.org\/{rel}","templated":true}]}}