{"id":39346,"date":"2025-12-19T20:42:42","date_gmt":"2025-12-19T23:42:42","guid":{"rendered":"https:\/\/sabuguinho.com.br\/site\/?p=39346"},"modified":"2025-12-19T20:42:42","modified_gmt":"2025-12-19T23:42:42","slug":"home-avare-homem-ataca-entregadora-com-facao-em-avare-vizinhos-relatam-medo-e-denuncias-ignoradas","status":"publish","type":"post","link":"https:\/\/sabuguinho.com.br\/site\/home-avare-homem-ataca-entregadora-com-facao-em-avare-vizinhos-relatam-medo-e-denuncias-ignoradas\/","title":{"rendered":"Home &#8211;  Avar\u00e9: HOMEM ATACA ENTREGADORA COM FAC\u00c3O EM AVAR\u00c9; VIZINHOS RELATAM MEDO E DEN\u00daNCIAS IGNORADAS"},"content":{"rendered":"<p>Um homem foi encaminhado \u00e0 delegacia na tarde desta sexta-feira (19) ap\u00f3s tentar atacar uma entregadora com um fac\u00e3o no bairro Jardim Bonsucesso, em Avar\u00e9 (SP). O ataque, contido por vizinhos, exp\u00f4s o temor da comunidade local, que alega ter feito v\u00e1rias den\u00fancias pr\u00e9vias contra o agressor por comportamento agressivo e amea\u00e7ador, sem obter resposta efetiva das autoridades.<br \/>\nDe acordo com relatos coletados no local, o epis\u00f3dio come\u00e7ou quando a entregadora, que estava acompanhada do marido e do filho, bateu palmas em frente a uma casa para realizar uma entrega. O gesto, comum no servi\u00e7o de entregas, teria irritado o vizinho, que saiu de sua resid\u00eancia \u201crevoltado\u201d, brandindo um fac\u00e3o, e partiu em dire\u00e7\u00e3o \u00e0 mulher.<br \/>\nEm p\u00e2nico, a entregadora conseguiu entrar no carro e se trancar. Testemunhas afirmam que o homem, ent\u00e3o, desferiu golpes contra o ve\u00edculo, enquanto a crian\u00e7a que estava no interior gritava por socorro. A situa\u00e7\u00e3o foi controlada quando populares intervieram, imobilizando o agressor e retirando o fac\u00e3o de suas m\u00e3os.<br \/>\nO ataque n\u00e3o parece ser um fato isolado. Moradores do entorno relataram \u00e0 reportagem um clima de medo constante devido ao comportamento do mesmo homem. Uma vizinha, que preferiu n\u00e3o se identificar, desabafou: \u201cS\u00e3o v\u00e1rias vezes que a gente denuncia esse homem, por causa de barulhos ou de ele ficar atormentando os vizinhos. O nosso medo \u00e9 que ele acabe fazendo alguma coisa com as crian\u00e7as da rua, pois quando d\u00e1 esse ataque nele, ele come\u00e7a a ir para cima das pessoas com fac\u00e3o, faca\u201d.<br \/>\nA moradora acrescentou, com frustra\u00e7\u00e3o, que as queixas \u00e0 pol\u00edcia nunca surtiram efeito pr\u00e1tico. \u201cJ\u00e1 denunciamos v\u00e1rias vezes e n\u00e3o temos nenhum retorno. Quando vem a pol\u00edcia, n\u00e3o adianta nada, pois s\u00f3 conversam com ele e v\u00e3o embora. A gente queria que algu\u00e9m tomasse uma provid\u00eancia\u201d, completou.<br \/>\nA ocorr\u00eancia foi registrada na Delegacia de Pol\u00edcia de Avar\u00e9. At\u00e9 o fechamento desta mat\u00e9ria, o boletim de ocorr\u00eancia ainda n\u00e3o havia sido finalizado, e n\u00e3o havia informa\u00e7\u00f5es oficiais sobre a situa\u00e7\u00e3o jur\u00eddica do agressor \u2013 se permaneceria preso ou se responderia ao processo em liberdade.<br \/>\nAs investiga\u00e7\u00f5es devem apurar os detalhes do ataque e o hist\u00f3rico do indiv\u00edduo. A expectativa da comunidade \u00e9 de que, desta vez, medidas mais en\u00e9rgicas sejam tomadas para garantir a seguran\u00e7a dos moradores.<\/p>\n<p><img loading=\"lazy\" decoding=\"async\" src=\"https:\/\/sabuguinho.com.br\/site\/wp-content\/uploads\/2025\/12\/WhatsApp-Image-2025-12-19-at-20.21.14-1-e1766186785643-150x111.jpeg\" alt=\"\" width=\"150\" height=\"111\" class=\"alignnone size-medium wp-image-39350\" srcset=\"https:\/\/sabuguinho.com.br\/site\/wp-content\/uploads\/2025\/12\/WhatsApp-Image-2025-12-19-at-20.21.14-1-e1766186785643-150x111.jpeg 150w, https:\/\/sabuguinho.com.br\/site\/wp-content\/uploads\/2025\/12\/WhatsApp-Image-2025-12-19-at-20.21.14-1-e1766186785643-512x378.jpeg 512w, https:\/\/sabuguinho.com.br\/site\/wp-content\/uploads\/2025\/12\/WhatsApp-Image-2025-12-19-at-20.21.14-1-e1766186785643.jpeg 682w\" sizes=\"(max-width: 150px) 100vw, 150px\" \/><\/p>\n","protected":false},"excerpt":{"rendered":"<p>Um homem foi encaminhado \u00e0 delegacia na tarde desta sexta-feira (19) ap\u00f3s tentar atacar uma entregadora com um fac\u00e3o no bairro Jardim Bonsucesso, em Avar\u00e9 (SP). O ataque, contido por vizinhos, exp\u00f4s o temor da comunidade local, que alega ter feito v\u00e1rias den\u00fancias pr\u00e9vias contra o agressor por comportamento agressivo e amea\u00e7ador, sem obter resposta [&hellip;]<\/p>\n","protected":false},"author":2,"featured_media":39351,"comment_status":"open","ping_status":"open","sticky":false,"template":"","format":"standard","meta":{"footnotes":""},"categories":[118],"tags":[],"_links":{"self":[{"href":"https:\/\/sabuguinho.com.br\/site\/wp-json\/wp\/v2\/posts\/39346"}],"collection":[{"href":"https:\/\/sabuguinho.com.br\/site\/wp-json\/wp\/v2\/posts"}],"about":[{"href":"https:\/\/sabuguinho.com.br\/site\/wp-json\/wp\/v2\/types\/post"}],"author":[{"embeddable":true,"href":"https:\/\/sabuguinho.com.br\/site\/wp-json\/wp\/v2\/users\/2"}],"replies":[{"embeddable":true,"href":"https:\/\/sabuguinho.com.br\/site\/wp-json\/wp\/v2\/comments?post=39346"}],"version-history":[{"count":1,"href":"https:\/\/sabuguinho.com.br\/site\/wp-json\/wp\/v2\/posts\/39346\/revisions"}],"predecessor-version":[{"id":39352,"href":"https:\/\/sabuguinho.com.br\/site\/wp-json\/wp\/v2\/posts\/39346\/revisions\/39352"}],"wp:featuredmedia":[{"embeddable":true,"href":"https:\/\/sabuguinho.com.br\/site\/wp-json\/wp\/v2\/media\/39351"}],"wp:attachment":[{"href":"https:\/\/sabuguinho.com.br\/site\/wp-json\/wp\/v2\/media?parent=39346"}],"wp:term":[{"taxonomy":"category","embeddable":true,"href":"https:\/\/sabuguinho.com.br\/site\/wp-json\/wp\/v2\/categories?post=39346"},{"taxonomy":"post_tag","embeddable":true,"href":"https:\/\/sabuguinho.com.br\/site\/wp-json\/wp\/v2\/tags?post=39346"}],"curies":[{"name":"wp","href":"https:\/\/api.w.org\/{rel}","templated":true}]}}