{"id":38851,"date":"2025-12-11T10:27:52","date_gmt":"2025-12-11T13:27:52","guid":{"rendered":"https:\/\/sabuguinho.com.br\/site\/?p=38851"},"modified":"2025-12-11T10:27:52","modified_gmt":"2025-12-11T13:27:52","slug":"deputado-critica-exclusao-das-entidades-sindicais-nos-debates-sobre-a-jornada-6x1-e-cobra-respeito-as-convencoes-coletivas","status":"publish","type":"post","link":"https:\/\/sabuguinho.com.br\/site\/deputado-critica-exclusao-das-entidades-sindicais-nos-debates-sobre-a-jornada-6x1-e-cobra-respeito-as-convencoes-coletivas\/","title":{"rendered":"Deputado critica exclus\u00e3o das entidades sindicais nos debates sobre a jornada 6&#215;1 e cobra respeito \u00e0s conven\u00e7\u00f5es coletivas"},"content":{"rendered":"<p>Victor Augusto | Atendimento &#8211; Comunic Comunica\u00e7\u00e3o Estrat\u00e9gica<\/p>\n<p>Bras\u00edlia, 10 de dezembro de 2025 \u2013 Durante reuni\u00e3o da Comiss\u00e3o do Trabalho da C\u00e2mara dos Deputados realizada nesta ter\u00e7a-feira (10), o deputado Luiz Carlos Motta (PL-SP) defendeu a valoriza\u00e7\u00e3o dos sindicatos nas discuss\u00f5es sobre a jornada de trabalho 6&#215;1.<br \/>\nAp\u00f3s a leitura do relat\u00f3rio pelo presidente do colegiado, deputado L\u00e9o Prates, Motta \u2013 que tamb\u00e9m preside a Federa\u00e7\u00e3o dos Comerci\u00e1rios do Estado de S\u00e3o Paulo (Fecomerci\u00e1rios) e integra como titular a Subcomiss\u00e3o Especial que trata do tema \u2013 fez um apelo para que as entidades sindicais n\u00e3o sejam exclu\u00eddas do debate. \u201c\u00c9 inadmiss\u00edvel que os sindicatos fiquem de fora da constru\u00e7\u00e3o de uma proposta que impacta diretamente os trabalhadores\u201d, afirmou.<br \/>\nO parlamentar destacou ainda a presen\u00e7a de mais de 30 dirigentes sindicais paulistas na reuni\u00e3o e alertou para medidas que fragilizam direitos j\u00e1 consolidados em conven\u00e7\u00f5es coletivas. Ele citou como exemplo portarias que liberam o trabalho aos feriados sem garantias m\u00ednimas e lembrou que, em muitos casos, setores como o supermercadista sequer oferecem cesta b\u00e1sica a seus funcion\u00e1rios.<br \/>\n\u201c\u00c9 preciso garantir que os sindicatos tenham voz ativa nessa transi\u00e7\u00e3o para uma jornada justa, digna e equilibrada. N\u00e3o se faz pol\u00edtica trabalhista ignorando quem representa os trabalhadores\u201d, concluiu.<\/p>\n","protected":false},"excerpt":{"rendered":"<p>Victor Augusto | Atendimento &#8211; Comunic Comunica\u00e7\u00e3o Estrat\u00e9gica Bras\u00edlia, 10 de dezembro de 2025 \u2013 Durante reuni\u00e3o da Comiss\u00e3o do Trabalho da C\u00e2mara dos Deputados realizada nesta ter\u00e7a-feira (10), o deputado Luiz Carlos Motta (PL-SP) defendeu a valoriza\u00e7\u00e3o dos sindicatos nas discuss\u00f5es sobre a jornada de trabalho 6&#215;1. Ap\u00f3s a leitura do relat\u00f3rio pelo presidente [&hellip;]<\/p>\n","protected":false},"author":2,"featured_media":38855,"comment_status":"open","ping_status":"open","sticky":false,"template":"","format":"standard","meta":{"footnotes":""},"categories":[1],"tags":[],"_links":{"self":[{"href":"https:\/\/sabuguinho.com.br\/site\/wp-json\/wp\/v2\/posts\/38851"}],"collection":[{"href":"https:\/\/sabuguinho.com.br\/site\/wp-json\/wp\/v2\/posts"}],"about":[{"href":"https:\/\/sabuguinho.com.br\/site\/wp-json\/wp\/v2\/types\/post"}],"author":[{"embeddable":true,"href":"https:\/\/sabuguinho.com.br\/site\/wp-json\/wp\/v2\/users\/2"}],"replies":[{"embeddable":true,"href":"https:\/\/sabuguinho.com.br\/site\/wp-json\/wp\/v2\/comments?post=38851"}],"version-history":[{"count":1,"href":"https:\/\/sabuguinho.com.br\/site\/wp-json\/wp\/v2\/posts\/38851\/revisions"}],"predecessor-version":[{"id":38856,"href":"https:\/\/sabuguinho.com.br\/site\/wp-json\/wp\/v2\/posts\/38851\/revisions\/38856"}],"wp:featuredmedia":[{"embeddable":true,"href":"https:\/\/sabuguinho.com.br\/site\/wp-json\/wp\/v2\/media\/38855"}],"wp:attachment":[{"href":"https:\/\/sabuguinho.com.br\/site\/wp-json\/wp\/v2\/media?parent=38851"}],"wp:term":[{"taxonomy":"category","embeddable":true,"href":"https:\/\/sabuguinho.com.br\/site\/wp-json\/wp\/v2\/categories?post=38851"},{"taxonomy":"post_tag","embeddable":true,"href":"https:\/\/sabuguinho.com.br\/site\/wp-json\/wp\/v2\/tags?post=38851"}],"curies":[{"name":"wp","href":"https:\/\/api.w.org\/{rel}","templated":true}]}}