{"id":38574,"date":"2025-12-07T11:23:01","date_gmt":"2025-12-07T14:23:01","guid":{"rendered":"https:\/\/sabuguinho.com.br\/site\/?p=38574"},"modified":"2025-12-07T11:23:01","modified_gmt":"2025-12-07T14:23:01","slug":"saiba-horario-e-local-da-final-da-copa-do-mundo-2026","status":"publish","type":"post","link":"https:\/\/sabuguinho.com.br\/site\/saiba-horario-e-local-da-final-da-copa-do-mundo-2026\/","title":{"rendered":"Saiba hor\u00e1rio e local da final da Copa do Mundo 2026"},"content":{"rendered":"<p>Decis\u00e3o do t\u00edtulo ser\u00e1 no mesmo palco da estreia do Brasil<\/p>\n<p>Juliano Justo &#8211; Rep\u00f3rter da Ag\u00eancia Brasil<\/p>\n<p>A Fifa anunciou neste s\u00e1bado (6) o hor\u00e1rio da final da Copa do Mundo 2026. O time que ir\u00e1 erguer a ta\u00e7a de campe\u00e3o do mundo de 2026 ser\u00e1 conhecido a partir das 16h (hor\u00e1rio de Bras\u00edlia) do dia 19 de julho no est\u00e1dio MetLife em Nova Jersey, o mesmo palco da estreia do Brasil na competi\u00e7\u00e3o no dia 13 de junho, \u00e0s 19h (hor\u00e1rio de Bras\u00edlia) contra o Marrocos.<br \/>\nO evento da tarde deste s\u00e1bado em Washington (Estados Unidos) tamb\u00e9m confirmou que o jogo de abertura da Copa (M\u00e9xico e \u00c1frica do Sul) ocorrer\u00e1 no dia 11 de junho, no Est\u00e1dio Azteca, na Cidade do M\u00e9xico, \u00e0s 16h (hor\u00e1rio de Bras\u00edlia).<br \/>\nPassando como l\u00edder da chave C na fase de grupos, o Brasil enfrentar\u00e1 o segundo colocado do grupo F (Holanda, Jap\u00e3o, Tun\u00edsia e o vencedor da repescagem entre Ucr\u00e2nia, Su\u00e9cia, Pol\u00f4nia e Alb\u00e2nia), no dia 29 de junho, no est\u00e1dio NRG em Houston. Passando na segunda posi\u00e7\u00e3o da chave, o Brasil, tamb\u00e9m em 29 de junho, enfrentar\u00e1 o l\u00edder do grupo F no est\u00e1dio El Gigante de Acero, em Monterrey (M\u00e9xico).<br \/>\nO caminho at\u00e9 a grande decis\u00e3o da Copa do Mundo de 2026 ainda ter\u00e1 os jogos da segunda fase (previstos para o per\u00edodo de 28 de junho a 3 de julho de 2026). As oitavas de final acontecer\u00e3o de 4 a 7 de julho de 2026; as quartas de final, de 9 a 11 de julho; as semifinais, 14 e 15 de julho, e a disputa do terceiro lugar, em 18 de julho, no Est\u00e1dio Hard Rock (Miami).<\/p>\n","protected":false},"excerpt":{"rendered":"<p>Decis\u00e3o do t\u00edtulo ser\u00e1 no mesmo palco da estreia do Brasil Juliano Justo &#8211; Rep\u00f3rter da Ag\u00eancia Brasil A Fifa anunciou neste s\u00e1bado (6) o hor\u00e1rio da final da Copa do Mundo 2026. O time que ir\u00e1 erguer a ta\u00e7a de campe\u00e3o do mundo de 2026 ser\u00e1 conhecido a partir das 16h (hor\u00e1rio de Bras\u00edlia) [&hellip;]<\/p>\n","protected":false},"author":2,"featured_media":38577,"comment_status":"open","ping_status":"open","sticky":false,"template":"","format":"standard","meta":{"footnotes":""},"categories":[45],"tags":[],"_links":{"self":[{"href":"https:\/\/sabuguinho.com.br\/site\/wp-json\/wp\/v2\/posts\/38574"}],"collection":[{"href":"https:\/\/sabuguinho.com.br\/site\/wp-json\/wp\/v2\/posts"}],"about":[{"href":"https:\/\/sabuguinho.com.br\/site\/wp-json\/wp\/v2\/types\/post"}],"author":[{"embeddable":true,"href":"https:\/\/sabuguinho.com.br\/site\/wp-json\/wp\/v2\/users\/2"}],"replies":[{"embeddable":true,"href":"https:\/\/sabuguinho.com.br\/site\/wp-json\/wp\/v2\/comments?post=38574"}],"version-history":[{"count":1,"href":"https:\/\/sabuguinho.com.br\/site\/wp-json\/wp\/v2\/posts\/38574\/revisions"}],"predecessor-version":[{"id":38578,"href":"https:\/\/sabuguinho.com.br\/site\/wp-json\/wp\/v2\/posts\/38574\/revisions\/38578"}],"wp:featuredmedia":[{"embeddable":true,"href":"https:\/\/sabuguinho.com.br\/site\/wp-json\/wp\/v2\/media\/38577"}],"wp:attachment":[{"href":"https:\/\/sabuguinho.com.br\/site\/wp-json\/wp\/v2\/media?parent=38574"}],"wp:term":[{"taxonomy":"category","embeddable":true,"href":"https:\/\/sabuguinho.com.br\/site\/wp-json\/wp\/v2\/categories?post=38574"},{"taxonomy":"post_tag","embeddable":true,"href":"https:\/\/sabuguinho.com.br\/site\/wp-json\/wp\/v2\/tags?post=38574"}],"curies":[{"name":"wp","href":"https:\/\/api.w.org\/{rel}","templated":true}]}}