{"id":38564,"date":"2025-12-06T18:33:17","date_gmt":"2025-12-06T21:33:17","guid":{"rendered":"https:\/\/sabuguinho.com.br\/site\/?p=38564"},"modified":"2025-12-06T18:33:17","modified_gmt":"2025-12-06T21:33:17","slug":"emapa-2025-entra-no-segundo-dia-com-show-de-daniel","status":"publish","type":"post","link":"https:\/\/sabuguinho.com.br\/site\/emapa-2025-entra-no-segundo-dia-com-show-de-daniel\/","title":{"rendered":"EMAPA 2025 ENTRA NO SEGUNDO DIA COM SHOW DE DANIEL"},"content":{"rendered":"<p>A 55\u00aa Exposi\u00e7\u00e3o Municipal Agropecu\u00e1ria de Avar\u00e9 (EMAPA), considerada a maior festa de port\u00f5es abertos do pa\u00eds, deu seu pontap\u00e9 inicial na sexta-feira, 5 de dezembro, e j\u00e1 est\u00e1 a todo vapor. Neste s\u00e1bado (06), a festa ter\u00e1 um dos pontos altos de sua extensa programa\u00e7\u00e3o musical: o show do cantor Daniel, uma lenda do sertanejo. A dupla Diego &#038; Victor Hugo tamb\u00e9m se apresenta na noite deste s\u00e1bado.<br \/>\nRealizada no Recinto de Exposi\u00e7\u00f5es Dr. Fernando Cruz Pimentel at\u00e9 o dia 14 de dezembro, a EMAPA \u00e9 uma realiza\u00e7\u00e3o da Prefeitura da Est\u00e2ncia Tur\u00edstica de Avar\u00e9 e HR Estruturas, e consolida-se como o grande encontro de rodeio profissional, grandes nomes da m\u00fasica, turismo, agroneg\u00f3cio e tradi\u00e7\u00e3o.<br \/>\nA abertura, na sexta-feira, foi comandada pelo astro Luan Santana, que lotou o recinto ao lado da jovem cantora Lorenah. O p\u00fablico pode esperar uma sequ\u00eancia de atra\u00e7\u00f5es de peso, incluindo Z\u00e9 Neto &#038; Cristiano e Tuta Guedes (domingo, 07), Fernandinho e Thiago Brado (segunda, 08), e o encerramento com a sensa\u00e7\u00e3o do momento, Ana Castela, no dia 14.<br \/>\nMais do que os shows, a EMAPA oferece uma experi\u00eancia completa. A estrutura inclui pra\u00e7a de alimenta\u00e7\u00e3o, seguran\u00e7a, posto m\u00e9dico, estacionamento gratuito e parque de divers\u00f5es. Os visitantes podem conhecer estandes do agroneg\u00f3cio, exposi\u00e7\u00f5es de ra\u00e7as animais, competi\u00e7\u00f5es, um torneio leiteiro e at\u00e9 uma fazendinha com mini-boi, lhama e p\u00f4nei.<br \/>\nNo domingo (07), a tradi\u00e7\u00e3o ganha destaque com a Queima do Alho, a partir das 10h. O evento, que ter\u00e1 car\u00e1ter beneficente este ano, contar\u00e1 com shows da dupla Joaquim &#038; Manoel e de \u00c1lvaro &#038; Danilo, Paulinho Tch\u00ea e Mancha &#038; Madson. As inscri\u00e7\u00f5es para a disputa culin\u00e1ria ainda est\u00e3o abertas.<br \/>\nA entrada para o recinto da feira \u00e9 gratuita. Para quem deseja mais conforto, ingressos para a \u00c1rea Vip ou para o Camarote Open Bar est\u00e3o \u00e0 venda no site https:\/\/seoingresso.com\/Emapaavare.<br \/>\nA organiza\u00e7\u00e3o refor\u00e7a as regras de acesso para menores:<\/p>\n<p>  Menores de 14 anos: S\u00f3 podem entrar acompanhados do pai, m\u00e3e ou respons\u00e1vel legal (n\u00e3o vale irm\u00e3o, av\u00f4, tio, etc.). \u00c9 obrigat\u00f3ria a apresenta\u00e7\u00e3o da documenta\u00e7\u00e3o do menor na portaria.<br \/>\n  A partir de 14 anos: Podem ingressar sem acompanhante, desde que portem documento de identifica\u00e7\u00e3o com foto.<\/p>\n<p>A festa est\u00e1 s\u00f3 come\u00e7ando. Aproveite o segundo dia para ver Daniel e explore tudo que a 55\u00aa EMAPA tem a oferecer!<\/p>\n","protected":false},"excerpt":{"rendered":"<p>A 55\u00aa Exposi\u00e7\u00e3o Municipal Agropecu\u00e1ria de Avar\u00e9 (EMAPA), considerada a maior festa de port\u00f5es abertos do pa\u00eds, deu seu pontap\u00e9 inicial na sexta-feira, 5 de dezembro, e j\u00e1 est\u00e1 a todo vapor. Neste s\u00e1bado (06), a festa ter\u00e1 um dos pontos altos de sua extensa programa\u00e7\u00e3o musical: o show do cantor Daniel, uma lenda do [&hellip;]<\/p>\n","protected":false},"author":2,"featured_media":38565,"comment_status":"open","ping_status":"open","sticky":false,"template":"","format":"standard","meta":{"footnotes":""},"categories":[116],"tags":[],"_links":{"self":[{"href":"https:\/\/sabuguinho.com.br\/site\/wp-json\/wp\/v2\/posts\/38564"}],"collection":[{"href":"https:\/\/sabuguinho.com.br\/site\/wp-json\/wp\/v2\/posts"}],"about":[{"href":"https:\/\/sabuguinho.com.br\/site\/wp-json\/wp\/v2\/types\/post"}],"author":[{"embeddable":true,"href":"https:\/\/sabuguinho.com.br\/site\/wp-json\/wp\/v2\/users\/2"}],"replies":[{"embeddable":true,"href":"https:\/\/sabuguinho.com.br\/site\/wp-json\/wp\/v2\/comments?post=38564"}],"version-history":[{"count":1,"href":"https:\/\/sabuguinho.com.br\/site\/wp-json\/wp\/v2\/posts\/38564\/revisions"}],"predecessor-version":[{"id":38566,"href":"https:\/\/sabuguinho.com.br\/site\/wp-json\/wp\/v2\/posts\/38564\/revisions\/38566"}],"wp:featuredmedia":[{"embeddable":true,"href":"https:\/\/sabuguinho.com.br\/site\/wp-json\/wp\/v2\/media\/38565"}],"wp:attachment":[{"href":"https:\/\/sabuguinho.com.br\/site\/wp-json\/wp\/v2\/media?parent=38564"}],"wp:term":[{"taxonomy":"category","embeddable":true,"href":"https:\/\/sabuguinho.com.br\/site\/wp-json\/wp\/v2\/categories?post=38564"},{"taxonomy":"post_tag","embeddable":true,"href":"https:\/\/sabuguinho.com.br\/site\/wp-json\/wp\/v2\/tags?post=38564"}],"curies":[{"name":"wp","href":"https:\/\/api.w.org\/{rel}","templated":true}]}}