{"id":38549,"date":"2025-12-06T10:30:33","date_gmt":"2025-12-06T13:30:33","guid":{"rendered":"https:\/\/sabuguinho.com.br\/site\/?p=38549"},"modified":"2025-12-06T10:30:33","modified_gmt":"2025-12-06T13:30:33","slug":"apos-confusao-em-sessao-presidente-da-camara-de-avare-vira-alvo-de-duas-denuncias-veja-video","status":"publish","type":"post","link":"https:\/\/sabuguinho.com.br\/site\/apos-confusao-em-sessao-presidente-da-camara-de-avare-vira-alvo-de-duas-denuncias-veja-video\/","title":{"rendered":"AP\u00d3S CONFUS\u00c3O EM SESS\u00c3O, PRESIDENTE DA C\u00c2MARA DE AVAR\u00c9 VIRA ALVO DE DUAS DEN\u00daNCIAS; VEJA V\u00cdDEO"},"content":{"rendered":"<p>O presidente da C\u00e2mara Municipal de Avar\u00e9, vereador Cabo Samuel Paes, est\u00e1 no centro de uma nova pol\u00eamica. Nesta sexta-feira (5), os mun\u00edcipes Julianne Oliveira e Vinicius Berna protocolaram duas den\u00fancias contra o parlamentar, desdobramento da tumultuada sess\u00e3o do dia 1\u00ba de dezembro.<br \/>\nA mun\u00edcipe Julianne Oliveira formalizou um pedido na pr\u00f3pria C\u00e2mara Municipal de Avar\u00e9, solicitando a cassa\u00e7\u00e3o do vereador Cabo Samuel Paes por quebra de decoro parlamentar.<br \/>\nJulianne usou as redes sociais para divulgar a a\u00e7\u00e3o e pressionar os demais vereadores: \u201cEu acabo de protocolar (o pedido) da cassa\u00e7\u00e3o do vereador e presidente dessa C\u00e2mara, Samuel Paes. Estou aqui na Casa do Povo, na C\u00e2mara Municipal de Avar\u00e9 e agora fica ao crit\u00e9rio dos vereadores. Voc\u00ea est\u00e1 com o povo ou daqui tr\u00eas anos ser\u00e1 demitido?\u201d<br \/>\nParalelamente, Vinicius Berna, o mun\u00edcipe envolvido na confus\u00e3o da \u00faltima sess\u00e3o, protocolou uma den\u00fancia no Minist\u00e9rio P\u00fablico (MP). A den\u00fancia aponta para a poss\u00edvel pr\u00e1tica de: Abuso de autoridade; Viol\u00eancia institucional; e Cerceamento dos direitos fundamentais.<br \/>\nBerna tamb\u00e9m se manifestou em suas redes sociais: \u201cDe acordo com o que ocorreu no dia 1\u00ba de dezembro naquela noite, naquela cena lament\u00e1vel que aconteceu na C\u00e2mara Municipal de Avar\u00e9, hoje n\u00f3s viemos aqui protocolar uma den\u00fancia contra o presidente Samuel Paes. Den\u00fancia referente \u00e0 poss\u00edvel pr\u00e1tica de abuso de autoridade, viol\u00eancia institucional e cerceamento dos direitos fundamentais que ocorreu naquela noite. [\u2026] E agora a justi\u00e7a far\u00e1 o que de fato o seu pr\u00f3prio nome diz, justi\u00e7a.\u201d<\/p>\n<p>ENTENDA \u2013 As den\u00fancias t\u00eam como pano de fundo a sess\u00e3o extraordin\u00e1ria de segunda-feira (1\u00ba), onde foi aprovado um projeto de lei que reajusta os sal\u00e1rios dos vereadores.<br \/>\nO projeto, de autoria da mesa diretora, elevou o subs\u00eddio dos parlamentares de R$ 6,6 mil para R$ 11,8 mil, um aumento de quase 80%, e o do presidente de R$ 7,6 mil para R$ 13,6 mil. Al\u00e9m disso, foram aprovados o 13\u00ba sal\u00e1rio e f\u00e9rias anuais com acr\u00e9scimo de um ter\u00e7o. Os novos valores s\u00f3 entram em vigor na pr\u00f3xima legislatura, entre 2029 e 2032.<br \/>\nO projeto foi aprovado em discuss\u00e3o \u00fanica, com oito votos favor\u00e1veis e quatro contr\u00e1rios.<br \/>\nVotaram a favor: Ana Paula Tib\u00farcio de Godoy (Republicanos), Everton Eduardo Machado (PL), Francisco Barreto de Monte Neto (PT), Hidalgo Andr\u00e9 de Freitas (PSD), Jairo Alves de Azevedo (Republicanos), Leonardo Pires Ripoli (Podemos), Moacir Lima (PSD) e Pedro Fusco (PL).<br \/>\nVotaram contra: Adalgisa Lopes Ward (Podemos), Luiz Cl\u00e1udio da Costa (Podemos), Magno Greguer (Republicanos) e Maria Isabel Dad\u00e1rio (Podemos).<\/p>\n<p>CONFUS\u00c3O \u2013 Durante a vota\u00e7\u00e3o, o morador Vinicius Berna protestou veementemente contra a proposta. O presidente Cabo Samuel Paes solicitou que ele se manifestasse pacificamente e, diante da recusa, determinou sua retirada. O mun\u00edcipe foi imobilizado e retirado \u00e0 for\u00e7a do plen\u00e1rio por quatro pessoas, incluindo o presidente.<br \/>\nVers\u00e3o do Mun\u00edcipe: Berna registrou Boletim de Ocorr\u00eancia, relatando ter sido agredido por quatro pessoas, incluindo o presidente, sofrendo arranh\u00f5es no rosto e nos bra\u00e7os. Em redes sociais, ele reconheceu ter se exaltado devido \u00e0 revolta com o projeto, mas negou ter agredido intencionalmente os funcion\u00e1rios.<\/p>\n<p>VERS\u00c3O DA C\u00c2MARA: A C\u00e2mara Municipal informou que a confus\u00e3o foi registrada pelas c\u00e2meras de seguran\u00e7a, e que n\u00e3o houve agress\u00e3o por parte de servidores ou do Presidente, mas sim uma imobiliza\u00e7\u00e3o leg\u00edtima diante da resist\u00eancia e agressividade do mun\u00edcipe. A Casa entregou as imagens \u00e0s autoridades e refor\u00e7ou que n\u00e3o tolerar\u00e1 a\u00e7\u00f5es que atentem contra a ordem.<\/p>\n<p>VERS\u00c3O DO PRESIDENTE: Cabo Samuel Paes classificou o epis\u00f3dio como \u201ctriste\u201d e justificou a atitude como necess\u00e1ria para \u201cpreservar a seguran\u00e7a\u201d, alegando que agiu como policial para imobilizar e retirar o indiv\u00edduo ap\u00f3s advert\u00eancias.<br \/>\nA reportagem entrou em contato com a assessoria do vereador Cabo Samuel Paes, que informou que o parlamentar dever\u00e1 se manifestar sobre as den\u00fancias assim que tiver acesso a toda a documenta\u00e7\u00e3o protocolada.<\/p>\n<div class=\"jeg_video_container jeg_video_content\"><iframe loading=\"lazy\" title=\"AP\u00d3S CONFUS\u00c3O EM SESS\u00c3O, PRESIDENTE DA C\u00c2MARA DE AVAR\u00c9 VIRA ALVO DE DUAS DEN\u00daNCIAS\" src=\"https:\/\/player.vimeo.com\/video\/1143983366?dnt=1&amp;app_id=122963\" width=\"422\" height=\"750\" frameborder=\"0\" allow=\"autoplay; fullscreen; picture-in-picture; clipboard-write; encrypted-media; web-share\" referrerpolicy=\"strict-origin-when-cross-origin\"><\/iframe><\/div>\n","protected":false},"excerpt":{"rendered":"<p>O presidente da C\u00e2mara Municipal de Avar\u00e9, vereador Cabo Samuel Paes, est\u00e1 no centro de uma nova pol\u00eamica. Nesta sexta-feira (5), os mun\u00edcipes Julianne Oliveira e Vinicius Berna protocolaram duas den\u00fancias contra o parlamentar, desdobramento da tumultuada sess\u00e3o do dia 1\u00ba de dezembro. A mun\u00edcipe Julianne Oliveira formalizou um pedido na pr\u00f3pria C\u00e2mara Municipal de [&hellip;]<\/p>\n","protected":false},"author":2,"featured_media":38552,"comment_status":"open","ping_status":"open","sticky":false,"template":"","format":"standard","meta":{"footnotes":""},"categories":[121],"tags":[],"_links":{"self":[{"href":"https:\/\/sabuguinho.com.br\/site\/wp-json\/wp\/v2\/posts\/38549"}],"collection":[{"href":"https:\/\/sabuguinho.com.br\/site\/wp-json\/wp\/v2\/posts"}],"about":[{"href":"https:\/\/sabuguinho.com.br\/site\/wp-json\/wp\/v2\/types\/post"}],"author":[{"embeddable":true,"href":"https:\/\/sabuguinho.com.br\/site\/wp-json\/wp\/v2\/users\/2"}],"replies":[{"embeddable":true,"href":"https:\/\/sabuguinho.com.br\/site\/wp-json\/wp\/v2\/comments?post=38549"}],"version-history":[{"count":1,"href":"https:\/\/sabuguinho.com.br\/site\/wp-json\/wp\/v2\/posts\/38549\/revisions"}],"predecessor-version":[{"id":38553,"href":"https:\/\/sabuguinho.com.br\/site\/wp-json\/wp\/v2\/posts\/38549\/revisions\/38553"}],"wp:featuredmedia":[{"embeddable":true,"href":"https:\/\/sabuguinho.com.br\/site\/wp-json\/wp\/v2\/media\/38552"}],"wp:attachment":[{"href":"https:\/\/sabuguinho.com.br\/site\/wp-json\/wp\/v2\/media?parent=38549"}],"wp:term":[{"taxonomy":"category","embeddable":true,"href":"https:\/\/sabuguinho.com.br\/site\/wp-json\/wp\/v2\/categories?post=38549"},{"taxonomy":"post_tag","embeddable":true,"href":"https:\/\/sabuguinho.com.br\/site\/wp-json\/wp\/v2\/tags?post=38549"}],"curies":[{"name":"wp","href":"https:\/\/api.w.org\/{rel}","templated":true}]}}