{"id":38255,"date":"2025-12-02T16:28:10","date_gmt":"2025-12-02T19:28:10","guid":{"rendered":"https:\/\/sabuguinho.com.br\/site\/?p=38255"},"modified":"2025-12-02T16:28:10","modified_gmt":"2025-12-02T19:28:10","slug":"mostra-das-nacoes-reune-grande-publico-na-concha-acustica-e-movimenta-avare","status":"publish","type":"post","link":"https:\/\/sabuguinho.com.br\/site\/mostra-das-nacoes-reune-grande-publico-na-concha-acustica-e-movimenta-avare\/","title":{"rendered":"Mostra das Na\u00e7\u00f5es re\u00fane grande p\u00fablico na Concha Ac\u00fastica e movimenta Avar\u00e9"},"content":{"rendered":"<p>Fabiana Cristina Rizzo &#8211; Assessor de Gest\u00e3o de Gabinete<br \/>\nSecretaria Municipal de Rela\u00e7\u00f5es P\u00fablicas<\/p>\n<p>Evento multicultural ofereceu m\u00fasica, teatro, artesanato, gastronomia internacional e participa\u00e7\u00e3o ativa de artistas e empreendedores locais<\/p>\n<p>A Mostra das Na\u00e7\u00f5es &#8211; Doces Regionais foi sucesso em Avar\u00e9. Realizado de 29 de novembro a 1\u00ba de dezembro, o evento transformou a Concha Ac\u00fastica em um grande encontro multicultural, celebrando tradi\u00e7\u00f5es, arte e diversidade. A programa\u00e7\u00e3o gratuita atraiu moradores e visitantes, que puderam vivenciar um fim de semana repleto de atra\u00e7\u00f5es art\u00edsticas e gastron\u00f4micas.<br \/>\nCom apresenta\u00e7\u00f5es musicais, teatrais, performances culturais e atividades para todas as idades, a Mostra consolidou-se como um dos eventos mais vibrantes do ano. Al\u00e9m das atra\u00e7\u00f5es no palco, o p\u00fablico encontrou um espa\u00e7o gastron\u00f4mico plural, reunindo sabores de v\u00e1rias regi\u00f5es, al\u00e9m das produ\u00e7\u00f5es de empreendedores avareenses &#8211; que puderam comercializar seus produtos sem qualquer custo de participa\u00e7\u00e3o, fortalecendo a economia criativa local.<br \/>\nO projeto chegou a Avar\u00e9 por meio de uma emenda parlamentar do deputado estadual Danilo Balas (PL), que acompanhou a programa\u00e7\u00e3o, visitou os estandes e conversou com moradores que passaram pela Concha Ac\u00fastica.<br \/>\nA secret\u00e1ria municipal de Cultura, Thais Francini, destacou a import\u00e2ncia da Mostra para o munic\u00edpio: \u201cA diversidade que vimos aqui representa a riqueza cultural do nosso povo. Avar\u00e9 abra\u00e7ou o evento, participou, consumiu arte, prestigiou nossos produtores. Essa \u00e9 a cidade que trabalha pela cultura e pelo turismo, que valoriza seus talentos e acolhe diferentes tradi\u00e7\u00f5es\u201d.<br \/>\nA secret\u00e1ria tamb\u00e9m ressaltou o impacto positivo para o setor cultural: \u201cFoi uma oportunidade \u00fanica para artistas, grupos culturais e empreendedores mostrarem seu trabalho. Ver o p\u00fablico ocupando a Concha com tanta alegria comprova que a cultura transforma e aproxima as pessoas\u201d.<br \/>\nA Mostra das Na\u00e7\u00f5es \u00e9 uma realiza\u00e7\u00e3o do Instituto Paulo Kobayashi, com apoio da Est\u00e2ncia Tur\u00edstica de Avar\u00e9, por meio da Secretaria de Cultura, do Instituto ID Mais Vida, Mr. Jeff e da Secretaria da Cultura, Economia e Ind\u00fastria Criativas do Estado de S\u00e3o Paulo.<br \/>\nA popula\u00e7\u00e3o de Avar\u00e9 tem prestigiado in\u00fameros eventos em 2025, reafirmando a for\u00e7a do munic\u00edpio como polo regional de cultura e turismo. Segundo a secret\u00e1ria de Cultura, Thais, as a\u00e7\u00f5es devem ser mantidas no pr\u00f3ximo ano. \u201cVamos fortalecer cada vez mais a cultura, o turismo e a economia\u201d, destacou.<\/p>\n<p><img loading=\"lazy\" decoding=\"async\" src=\"https:\/\/sabuguinho.com.br\/site\/wp-content\/uploads\/2025\/12\/Secretaria-de-Cultura-Thais-com-os-musicistas-da-Banda-Marcial-de-Avare-150x96.jpg\" alt=\"\" width=\"150\" height=\"96\" class=\"alignnone size-medium wp-image-38256\" srcset=\"https:\/\/sabuguinho.com.br\/site\/wp-content\/uploads\/2025\/12\/Secretaria-de-Cultura-Thais-com-os-musicistas-da-Banda-Marcial-de-Avare-150x96.jpg 150w, https:\/\/sabuguinho.com.br\/site\/wp-content\/uploads\/2025\/12\/Secretaria-de-Cultura-Thais-com-os-musicistas-da-Banda-Marcial-de-Avare-512x328.jpg 512w, https:\/\/sabuguinho.com.br\/site\/wp-content\/uploads\/2025\/12\/Secretaria-de-Cultura-Thais-com-os-musicistas-da-Banda-Marcial-de-Avare-768x492.jpg 768w, https:\/\/sabuguinho.com.br\/site\/wp-content\/uploads\/2025\/12\/Secretaria-de-Cultura-Thais-com-os-musicistas-da-Banda-Marcial-de-Avare-750x480.jpg 750w, https:\/\/sabuguinho.com.br\/site\/wp-content\/uploads\/2025\/12\/Secretaria-de-Cultura-Thais-com-os-musicistas-da-Banda-Marcial-de-Avare.jpg 828w\" sizes=\"(max-width: 150px) 100vw, 150px\" \/><\/p>\n<p><img loading=\"lazy\" decoding=\"async\" src=\"https:\/\/sabuguinho.com.br\/site\/wp-content\/uploads\/2025\/12\/Noite-de-domingo-na-Concha-Acustica-150x106.jpg\" alt=\"\" width=\"150\" height=\"106\" class=\"alignnone size-medium wp-image-38257\" srcset=\"https:\/\/sabuguinho.com.br\/site\/wp-content\/uploads\/2025\/12\/Noite-de-domingo-na-Concha-Acustica-150x106.jpg 150w, https:\/\/sabuguinho.com.br\/site\/wp-content\/uploads\/2025\/12\/Noite-de-domingo-na-Concha-Acustica-512x363.jpg 512w, https:\/\/sabuguinho.com.br\/site\/wp-content\/uploads\/2025\/12\/Noite-de-domingo-na-Concha-Acustica-768x544.jpg 768w, https:\/\/sabuguinho.com.br\/site\/wp-content\/uploads\/2025\/12\/Noite-de-domingo-na-Concha-Acustica-120x86.jpg 120w, https:\/\/sabuguinho.com.br\/site\/wp-content\/uploads\/2025\/12\/Noite-de-domingo-na-Concha-Acustica-350x250.jpg 350w, https:\/\/sabuguinho.com.br\/site\/wp-content\/uploads\/2025\/12\/Noite-de-domingo-na-Concha-Acustica-750x531.jpg 750w, https:\/\/sabuguinho.com.br\/site\/wp-content\/uploads\/2025\/12\/Noite-de-domingo-na-Concha-Acustica.jpg 909w\" sizes=\"(max-width: 150px) 100vw, 150px\" \/><\/p>\n<p><img loading=\"lazy\" decoding=\"async\" src=\"https:\/\/sabuguinho.com.br\/site\/wp-content\/uploads\/2025\/12\/Apresentacoes-de-domingo-animaram-o-evento-150x117.jpg\" alt=\"\" width=\"150\" height=\"117\" class=\"alignnone size-medium wp-image-38258\" srcset=\"https:\/\/sabuguinho.com.br\/site\/wp-content\/uploads\/2025\/12\/Apresentacoes-de-domingo-animaram-o-evento-150x117.jpg 150w, https:\/\/sabuguinho.com.br\/site\/wp-content\/uploads\/2025\/12\/Apresentacoes-de-domingo-animaram-o-evento-512x399.jpg 512w, https:\/\/sabuguinho.com.br\/site\/wp-content\/uploads\/2025\/12\/Apresentacoes-de-domingo-animaram-o-evento.jpg 650w\" sizes=\"(max-width: 150px) 100vw, 150px\" \/><\/p>\n","protected":false},"excerpt":{"rendered":"<p>Fabiana Cristina Rizzo &#8211; Assessor de Gest\u00e3o de Gabinete Secretaria Municipal de Rela\u00e7\u00f5es P\u00fablicas Evento multicultural ofereceu m\u00fasica, teatro, artesanato, gastronomia internacional e participa\u00e7\u00e3o ativa de artistas e empreendedores locais A Mostra das Na\u00e7\u00f5es &#8211; Doces Regionais foi sucesso em Avar\u00e9. Realizado de 29 de novembro a 1\u00ba de dezembro, o evento transformou a Concha [&hellip;]<\/p>\n","protected":false},"author":2,"featured_media":38259,"comment_status":"open","ping_status":"open","sticky":false,"template":"","format":"standard","meta":{"footnotes":""},"categories":[58,94],"tags":[],"_links":{"self":[{"href":"https:\/\/sabuguinho.com.br\/site\/wp-json\/wp\/v2\/posts\/38255"}],"collection":[{"href":"https:\/\/sabuguinho.com.br\/site\/wp-json\/wp\/v2\/posts"}],"about":[{"href":"https:\/\/sabuguinho.com.br\/site\/wp-json\/wp\/v2\/types\/post"}],"author":[{"embeddable":true,"href":"https:\/\/sabuguinho.com.br\/site\/wp-json\/wp\/v2\/users\/2"}],"replies":[{"embeddable":true,"href":"https:\/\/sabuguinho.com.br\/site\/wp-json\/wp\/v2\/comments?post=38255"}],"version-history":[{"count":1,"href":"https:\/\/sabuguinho.com.br\/site\/wp-json\/wp\/v2\/posts\/38255\/revisions"}],"predecessor-version":[{"id":38260,"href":"https:\/\/sabuguinho.com.br\/site\/wp-json\/wp\/v2\/posts\/38255\/revisions\/38260"}],"wp:featuredmedia":[{"embeddable":true,"href":"https:\/\/sabuguinho.com.br\/site\/wp-json\/wp\/v2\/media\/38259"}],"wp:attachment":[{"href":"https:\/\/sabuguinho.com.br\/site\/wp-json\/wp\/v2\/media?parent=38255"}],"wp:term":[{"taxonomy":"category","embeddable":true,"href":"https:\/\/sabuguinho.com.br\/site\/wp-json\/wp\/v2\/categories?post=38255"},{"taxonomy":"post_tag","embeddable":true,"href":"https:\/\/sabuguinho.com.br\/site\/wp-json\/wp\/v2\/tags?post=38255"}],"curies":[{"name":"wp","href":"https:\/\/api.w.org\/{rel}","templated":true}]}}