{"id":38232,"date":"2025-12-02T11:14:16","date_gmt":"2025-12-02T14:14:16","guid":{"rendered":"https:\/\/sabuguinho.com.br\/site\/?p=38232"},"modified":"2025-12-02T11:14:16","modified_gmt":"2025-12-02T14:14:16","slug":"em-visita-ao-libano-papa-leao-xiv-pede-uniao-de-lideres-religiosos-em-prol-da-paz-no-oriente-medio","status":"publish","type":"post","link":"https:\/\/sabuguinho.com.br\/site\/em-visita-ao-libano-papa-leao-xiv-pede-uniao-de-lideres-religiosos-em-prol-da-paz-no-oriente-medio\/","title":{"rendered":"Em visita ao L\u00edbano, papa Le\u00e3o XIV pede uni\u00e3o de l\u00edderes religiosos em prol da paz no Oriente M\u00e9dio"},"content":{"rendered":"<p>O Papa Le\u00e3o XIV se reuniu nesta segunda-feira (1\u00ba) com l\u00edderes de comunidades religiosas do L\u00edbano e pediu a coexist\u00eancia pac\u00edfica das diferentes cren\u00e7as na regi\u00e3o.<br \/>\n\u201cQue cada toque de sino, cada \u2018adhan\u2019, cada chamado \u00e0 ora\u00e7\u00e3o se fundam em um \u00fanico e sublime hino\u201d, disse ele, usando o termo \u00e1rabe para a chamada mu\u00e7ulmana \u00e0 ora\u00e7\u00e3o.<br \/>\nLe\u00e3o XIV deve concluir em breve sua primeira viagem internacional como pont\u00edfice. Ele visitou a Turquia e o L\u00edbano, antigas terras b\u00edblicas onde ele tem defendido o avan\u00e7o da unidade crist\u00e3 e religiosa em geral, bem como a causa da paz.<br \/>\nO principal compromisso desta segunda-feira foi um encontro inter-religioso na Pra\u00e7a dos M\u00e1rtires, em Beirute, com os patriarcas crist\u00e3os do pa\u00eds e l\u00edderes espirituais sunitas, xiitas e drusos reunidos sob uma tenda. Ap\u00f3s ouvirem hinos e leituras da B\u00edblia e do Alcor\u00e3o, Le\u00e3o elogiou a tradi\u00e7\u00e3o libanesa de toler\u00e2ncia religiosa como um farol do \u201cdom divino da paz\u201d na regi\u00e3o.<br \/>\nO local escolhido para a cerim\u00f4nia tamb\u00e9m carrega um simbolismo: por l\u00e1 passava a chamada \u201clinha verde\u201d at\u00e9 os anos 1990, que dividia os habitantes crist\u00e3os e mu\u00e7ulmanos pela capital do pa\u00eds.<br \/>\n\u201cNuma \u00e9poca em que a coexist\u00eancia pode parecer um sonho distante, o povo do L\u00edbano, ao mesmo tempo que abra\u00e7a diferentes religi\u00f5es, representa um poderoso lembrete de que o medo, a desconfian\u00e7a e o preconceito n\u00e3o t\u00eam a \u00faltima palavra, e que a unidade, a reconcilia\u00e7\u00e3o e a paz s\u00e3o poss\u00edveis\u201d, afirmou.<br \/>\nAs palavras do papa ressaltaram a import\u00e2ncia vital do L\u00edbano e de sua comunidade crist\u00e3 para a Igreja Cat\u00f3lica, um lugar que Jo\u00e3o Paulo II descreveu como mais do que apenas um pa\u00eds, mas uma mensagem de liberdade para o resto do mundo. Ao final do evento, os l\u00edderes espirituais plantaram uma muda de oliveira como s\u00edmbolo da paz.<br \/>\nO L\u00edbano \u00e9 um dos pa\u00edses mais religiosamente diversos do mundo, com diferentes vertentes isl\u00e2micas (como sunitas, xiitas e alau\u00edtas), crist\u00e3s (maronitas, cat\u00f3licos arm\u00eanios, ortodoxos, sir\u00edacos etc), entre e de outras religi\u00f5es.<br \/>\nEmbora o L\u00edbano seja hoje frequentemente citado como um modelo de coexist\u00eancia religiosa, nem sempre foi assim. A guerra civil do pa\u00eds, de 1975 a 1990, foi travada em grande parte segundo linhas sect\u00e1rias.<br \/>\nEm visita ao L\u00edbano, papa Le\u00e3o XIV pede uni\u00e3o de l\u00edderes religiosos em prol da paz no Oriente M\u00e9dio (Foto: Vatican Media)<\/p>\n<p>Momento de tens\u00e3o<\/p>\n<p>A visita de Le\u00e3o XIV ocorre em um momento de profunda tens\u00e3o para o pequeno pa\u00eds mediterr\u00e2neo, ap\u00f3s anos de conflitos, crises econ\u00f4micas e impasse pol\u00edtico, culminando com a explos\u00e3o no porto de Beirute em 2020. Em meio ao conflito em Gaza e ao agravamento das tens\u00f5es pol\u00edticas no L\u00edbano, a visita do papa foi recebida pelos libaneses como um sinal de esperan\u00e7a.<br \/>\n\u201cN\u00f3s, libaneses, precisamos desta visita depois de todas as guerras, crises e desespero que vivenciamos\u201d, disse o padre Youssef Nasr, secret\u00e1rio-geral das Escolas Cat\u00f3licas do L\u00edbano. \u201cA visita do Papa d\u00e1 um novo impulso aos libaneses para se reerguerem e se manterem unidos em seu pa\u00eds.\u201d<br \/>\nMais recentemente, o L\u00edbano tem estado profundamente dividido devido aos apelos para que o Hezbollah, grupo militante e partido pol\u00edtico liban\u00eas, entregue as armas ap\u00f3s a guerra travada com Israel no ano passado, que deixou o pa\u00eds em grande sofrimento.<br \/>\nApesar do cessar-fogo, Israel tem realizado ataques a\u00e9reos quase di\u00e1rios contra membros do Hezbollah.<br \/>\nO Grande Mufti sunita do L\u00edbano, Abdul-Latif Derian, deu as boas-vindas a Leo no evento inter-religioso e lembrou as boas rela\u00e7\u00f5es forjadas por seu antecessor, o papa Francisco. Ele citou a declara\u00e7\u00e3o conjunta de 2019 sobre a fraternidade humana, assinada por Francisco e pelo grande im\u00e3 de Al-Azhar, centro de estudos sunitas no Cairo, Sheikh Ahmad al-Tayeb.<\/p>\n<p>\u201cO L\u00edbano \u00e9 a terra desta mensagem\u201d, disse Derian.<\/p>\n<p>Um importante cl\u00e9rigo xiita liban\u00eas, Ali al-Khatib, vice-presidente do Conselho Supremo Isl\u00e2mico Xiita, pediu a Le\u00e3o que ajudasse o L\u00edbano a p\u00f4r fim aos ataques de Israel, em meio \u00e0s crescentes preocupa\u00e7\u00f5es no pa\u00eds mediterr\u00e2neo com a possibilidade de uma maior dissemina\u00e7\u00e3o dos ataques israelenses.<br \/>\n\u201cColocamos o L\u00edbano em suas m\u00e3os para que talvez o mundo nos ajude\u201d, disse al-Khatib.<\/p>\n<p>Crist\u00e3os no L\u00edbano<\/p>\n<p>Le\u00e3o come\u00e7ou o dia rezando no t\u00famulo de S\u00e3o Charbel Makhlouf, um santo liban\u00eas venerado por muitos crist\u00e3os e mu\u00e7ulmanos.<br \/>\nTodos os anos, centenas de milhares de peregrinos, crist\u00e3os e mu\u00e7ulmanos, visitam o t\u00famulo no mosteiro de S\u00e3o Maroun, no alto de uma colina com vista para o mar em Annaya, a cerca de 40 km de Beirute.<br \/>\nHoje, os crist\u00e3os representam cerca de um ter\u00e7o dos 5 milh\u00f5es de habitantes do L\u00edbano, o que confere a esta pequena na\u00e7\u00e3o na costa leste do Mediterr\u00e2neo a maior porcentagem de crist\u00e3os no Oriente M\u00e9dio.<br \/>\nUm acordo de partilha de poder em vigor desde a independ\u00eancia da Fran\u00e7a prev\u00ea que o presidente seja um crist\u00e3o maronita, tornando o L\u00edbano o \u00fanico pa\u00eds \u00e1rabe com um chefe de Estado crist\u00e3o.<\/p>\n<p>O Vaticano considera a presen\u00e7a crist\u00e3 um baluarte para a Igreja na regi\u00e3o.<\/p>\n<p>Os crist\u00e3os libaneses resistiram em sua terra natal mesmo ap\u00f3s o \u00eaxodo decorrente da guerra civil no pa\u00eds. A regi\u00e3o tamb\u00e9m testemunhou a fuga em massa de crist\u00e3os do Iraque e da S\u00edria ap\u00f3s a ascens\u00e3o do grupo Estado Isl\u00e2mico, derrotado em 2019 depois de perder seu \u00faltimo reduto na S\u00edria.<\/p>\n<p>Fonte: G1<\/p>\n","protected":false},"excerpt":{"rendered":"<p>O Papa Le\u00e3o XIV se reuniu nesta segunda-feira (1\u00ba) com l\u00edderes de comunidades religiosas do L\u00edbano e pediu a coexist\u00eancia pac\u00edfica das diferentes cren\u00e7as na regi\u00e3o. \u201cQue cada toque de sino, cada \u2018adhan\u2019, cada chamado \u00e0 ora\u00e7\u00e3o se fundam em um \u00fanico e sublime hino\u201d, disse ele, usando o termo \u00e1rabe para a chamada mu\u00e7ulmana [&hellip;]<\/p>\n","protected":false},"author":2,"featured_media":38235,"comment_status":"open","ping_status":"open","sticky":false,"template":"","format":"standard","meta":{"footnotes":""},"categories":[61],"tags":[],"_links":{"self":[{"href":"https:\/\/sabuguinho.com.br\/site\/wp-json\/wp\/v2\/posts\/38232"}],"collection":[{"href":"https:\/\/sabuguinho.com.br\/site\/wp-json\/wp\/v2\/posts"}],"about":[{"href":"https:\/\/sabuguinho.com.br\/site\/wp-json\/wp\/v2\/types\/post"}],"author":[{"embeddable":true,"href":"https:\/\/sabuguinho.com.br\/site\/wp-json\/wp\/v2\/users\/2"}],"replies":[{"embeddable":true,"href":"https:\/\/sabuguinho.com.br\/site\/wp-json\/wp\/v2\/comments?post=38232"}],"version-history":[{"count":1,"href":"https:\/\/sabuguinho.com.br\/site\/wp-json\/wp\/v2\/posts\/38232\/revisions"}],"predecessor-version":[{"id":38236,"href":"https:\/\/sabuguinho.com.br\/site\/wp-json\/wp\/v2\/posts\/38232\/revisions\/38236"}],"wp:featuredmedia":[{"embeddable":true,"href":"https:\/\/sabuguinho.com.br\/site\/wp-json\/wp\/v2\/media\/38235"}],"wp:attachment":[{"href":"https:\/\/sabuguinho.com.br\/site\/wp-json\/wp\/v2\/media?parent=38232"}],"wp:term":[{"taxonomy":"category","embeddable":true,"href":"https:\/\/sabuguinho.com.br\/site\/wp-json\/wp\/v2\/categories?post=38232"},{"taxonomy":"post_tag","embeddable":true,"href":"https:\/\/sabuguinho.com.br\/site\/wp-json\/wp\/v2\/tags?post=38232"}],"curies":[{"name":"wp","href":"https:\/\/api.w.org\/{rel}","templated":true}]}}