{"id":38229,"date":"2025-12-02T09:37:35","date_gmt":"2025-12-02T12:37:35","guid":{"rendered":"https:\/\/sabuguinho.com.br\/site\/?p=38229"},"modified":"2025-12-02T09:37:35","modified_gmt":"2025-12-02T12:37:35","slug":"evento-maior-festa-com-portoes-abertos-do-pais-55a-emapa-traz-noite-exclusiva-com-artistas-de-avare","status":"publish","type":"post","link":"https:\/\/sabuguinho.com.br\/site\/evento-maior-festa-com-portoes-abertos-do-pais-55a-emapa-traz-noite-exclusiva-com-artistas-de-avare\/","title":{"rendered":"EVENTO &#8211;  *Maior festa com port\u00f5es abertos do pa\u00eds, 55\u00aa EMAPA traz noite exclusiva com artistas de Avar\u00e9*"},"content":{"rendered":"<p>Confira os cantores locais que sobem ao palco principal na quarta-feira, 10 de dezembro, a partir das 20h30_<\/p>\n<p>Maior festa com os port\u00f5es abertos do pa\u00eds, a 55\u00aa Exposi\u00e7\u00e3o Municipal Agropecu\u00e1ria de Avar\u00e9 (EMAPA) traz uma novidade: uma noite exclusiva para artistas e cantores de Avar\u00e9. <\/p>\n<p>A proposta do Governo Roberto Araujo \u00e9 apoiar e prestigiar o artista local. Os m\u00fasicos da cidade v\u00e3o aproveitar o palco principal e toda a estrutura de um dos eventos agropecu\u00e1rios mais tradicionais do interior paulista. <\/p>\n<p>*Palco principal*<\/p>\n<p>A noite avareense acontece na quarta-feira, 10, a partir das 20h30. Artistas de diversos estilos est\u00e3o escalados, uma mostra da versatilidade musical de Avar\u00e9.<br \/>\nOs cantores avareenses ir\u00e3o se apresentar no palco principal da EMAPA junto com a dupla Alex e Medina, fazendo participa\u00e7\u00f5es especiais no show da dupla. <\/p>\n<p>*Programa\u00e7\u00e3o* <\/p>\n<p>V\u00e3o subir ao palco as duplas Jaguar &#038; Roan, Bruno &#038; Juliano, Mancha &#038; Madson.<br \/>\nA programa\u00e7\u00e3o segue com Carina Noronha, Luciana Tegani, Luiz Paulo e Terra\u00e7\u00e3o.<br \/>\nTamb\u00e9m integram a noite avareense os grupos Rancheros, Ex\u00e9rcito de Adoradores e o Grupo Simplicidade. <\/p>\n<p>*A festa*<\/p>\n<p>Rodeio profissional, grandes nomes da m\u00fasica, turismo, agroneg\u00f3cio e tradi\u00e7\u00e3o se encontram na 55\u00aa EMAPA, que acontece de 5 a 14 de dezembro, no Recinto de Exposi\u00e7\u00f5es Dr. Fernando Cruz Pimentel.<br \/>\nUm dos eventos agropecu\u00e1rios mais tradicionais do interior paulista, a 55\u00aa EMAPA \u00e9 aberta ao p\u00fablico.<br \/>\nA realiza\u00e7\u00e3o \u00e9 da Prefeitura da Est\u00e2ncia Tur\u00edstica de Avar\u00e9. Com ampla estrutura, a festa vai oferecer op\u00e7\u00f5es para toda a fam\u00edlia.<br \/>\nA EMAPA \u00e9 mais que uma tradi\u00e7\u00e3o. A feira movimenta a economia local e mant\u00e9m Avar\u00e9 na rota dos grandes eventos do segmento.<br \/>\nA estrutura inclui pra\u00e7a de alimenta\u00e7\u00e3o, estacionamento gratuito, parque de divers\u00f5es, Queima do Alho, prova de tambores, estandes com produtos ligados ao agro, competi\u00e7\u00f5es e exposi\u00e7\u00f5es de ra\u00e7as e torneio leiteiro.<br \/>\nUma fazendinha estar\u00e1 em exposi\u00e7\u00e3o durante todo o evento, com mini-boi, lhama e p\u00f4nei, entre outras atra\u00e7\u00f5es. <\/p>\n<p>*Shows*<\/p>\n<p>Outro atrativo da 55\u00aa EMAPA \u00e9 a grade de shows, que traz grandes nomes do sertanejo e de outros estilos musicais, demonstrando o perfil inclusivo do evento popular.<br \/>\nA abertura da 55\u00aa EMAPA ser\u00e1 comandada por ningu\u00e9m menos que Luan Santana, astro da m\u00fasica sertaneja, que sobe ao palco na sexta-feira, 5 de dezembro.<br \/>\nOutra atra\u00e7\u00e3o \u00e9 a jovem cantora Lorenah, nome em ascens\u00e3o no meio musical.<br \/>\nO cantor Daniel, outra lenda do sertanejo, \u00e9 atra\u00e7\u00e3o no s\u00e1bado, 6. A dupla Diego &#038; Victor Hugo tamb\u00e9m se apresenta na mesma noite.<br \/>\nTem mais dobradinha no domingo, 7 de dezembro: Z\u00e9 Neto &#038; Cristiano e Tuta Guedes sobem ao palco, para o del\u00edrio do p\u00fablico.<br \/>\nJ\u00e1 a segunda-feira, 8, ser\u00e1 dedicada \u00e0 m\u00fasica gospel, com apresenta\u00e7\u00f5es de Fernandinho e Thiago Brado.<br \/>\nA programa\u00e7\u00e3o musical segue na quarta-feira, 10, com artistas e cantores de Avar\u00e9.<br \/>\nA dupla Cezar &#038; Paulinho canta seus sucessos na quinta-feira, 11, seguida de Jiraya Uai. O DJ goiano, outro nome em franca ascens\u00e3o no mercado, \u00e9 conhecido por misturar eletrofunk, funk e sertanejo.<br \/>\nOutra dupla cl\u00e1ssica sobe ao palco na sexta-feira, 12: Rio Negro &#038; Solim\u00f5es. DJs do Open Farra fecham a noite.<br \/>\nNo s\u00e1bado, 13, Maiara &#038; Maraisa s\u00e3o atra\u00e7\u00e3o ao lado do DJ Vov\u00f4 James, que mistura mod\u00e3o e eletrofunk.<br \/>\nO encerramento da 55\u00aa EMAPA n\u00e3o poderia ser mais especial: a cantora Ana Castela, maior estrela do sertanejo da atualidade, fecha a edi\u00e7\u00e3o no domingo, 14, com chave de ouro.<br \/>\nO cantor Z\u00e9 Rafael tamb\u00e9m \u00e9 atra\u00e7\u00e3o na \u00faltima noite da 55\u00aa EMAPA.<\/p>\n","protected":false},"excerpt":{"rendered":"<p>Confira os cantores locais que sobem ao palco principal na quarta-feira, 10 de dezembro, a partir das 20h30_ Maior festa com os port\u00f5es abertos do pa\u00eds, a 55\u00aa Exposi\u00e7\u00e3o Municipal Agropecu\u00e1ria de Avar\u00e9 (EMAPA) traz uma novidade: uma noite exclusiva para artistas e cantores de Avar\u00e9. A proposta do Governo Roberto Araujo \u00e9 apoiar e [&hellip;]<\/p>\n","protected":false},"author":2,"featured_media":38230,"comment_status":"open","ping_status":"open","sticky":false,"template":"","format":"standard","meta":{"footnotes":""},"categories":[58,89],"tags":[],"_links":{"self":[{"href":"https:\/\/sabuguinho.com.br\/site\/wp-json\/wp\/v2\/posts\/38229"}],"collection":[{"href":"https:\/\/sabuguinho.com.br\/site\/wp-json\/wp\/v2\/posts"}],"about":[{"href":"https:\/\/sabuguinho.com.br\/site\/wp-json\/wp\/v2\/types\/post"}],"author":[{"embeddable":true,"href":"https:\/\/sabuguinho.com.br\/site\/wp-json\/wp\/v2\/users\/2"}],"replies":[{"embeddable":true,"href":"https:\/\/sabuguinho.com.br\/site\/wp-json\/wp\/v2\/comments?post=38229"}],"version-history":[{"count":1,"href":"https:\/\/sabuguinho.com.br\/site\/wp-json\/wp\/v2\/posts\/38229\/revisions"}],"predecessor-version":[{"id":38231,"href":"https:\/\/sabuguinho.com.br\/site\/wp-json\/wp\/v2\/posts\/38229\/revisions\/38231"}],"wp:featuredmedia":[{"embeddable":true,"href":"https:\/\/sabuguinho.com.br\/site\/wp-json\/wp\/v2\/media\/38230"}],"wp:attachment":[{"href":"https:\/\/sabuguinho.com.br\/site\/wp-json\/wp\/v2\/media?parent=38229"}],"wp:term":[{"taxonomy":"category","embeddable":true,"href":"https:\/\/sabuguinho.com.br\/site\/wp-json\/wp\/v2\/categories?post=38229"},{"taxonomy":"post_tag","embeddable":true,"href":"https:\/\/sabuguinho.com.br\/site\/wp-json\/wp\/v2\/tags?post=38229"}],"curies":[{"name":"wp","href":"https:\/\/api.w.org\/{rel}","templated":true}]}}