{"id":37691,"date":"2025-11-23T15:30:20","date_gmt":"2025-11-23T18:30:20","guid":{"rendered":"https:\/\/sabuguinho.com.br\/site\/?p=37691"},"modified":"2025-11-23T15:30:20","modified_gmt":"2025-11-23T18:30:20","slug":"colisao-frontal-entre-carro-e-bitrem-deixa-dois-mortos-na-sp-255-em-avare","status":"publish","type":"post","link":"https:\/\/sabuguinho.com.br\/site\/colisao-frontal-entre-carro-e-bitrem-deixa-dois-mortos-na-sp-255-em-avare\/","title":{"rendered":"COLIS\u00c3O FRONTAL ENTRE CARRO E BITREM DEIXA DOIS MORTOS NA SP-255 EM AVAR\u00c9"},"content":{"rendered":"<p>Acidente de alta gravidade na madrugada deste domingo (23) resultou tamb\u00e9m em uma pessoa ferida; bitrem tombou e derramou 24 toneladas de calc\u00e1rio<\/p>\n<p>Um grave acidente na madrugada deste domingo (23) tirou a vida de duas pessoas na Rodovia Jo\u00e3o Mell\u00e3o (SP-255), em Avar\u00e9. A colis\u00e3o frontal deixou ainda uma pessoa ferida.<br \/>\nA colis\u00e3o ocorreu por volta das 02h09, no km 273,2 da rodovia, conforme informa\u00e7\u00f5es da Artesp. De acordo com as primeiras investiga\u00e7\u00f5es, um autom\u00f3vel modelo Golf, que trafegava no sentido sul da pista, invadiu a faixa contr\u00e1ria e colidiu de frente com um bitrem (caminh\u00e3o com dois semirreboques) que seguia no sentido Avar\u00e9.<br \/>\nA for\u00e7a do impacto foi t\u00e3o intensa que fez com que parte da carreta do bitrem tombasse. Com o tombamento, cerca de 24 toneladas de calc\u00e1rio que eram transportadas pelo caminh\u00e3o foram derramadas no canteiro lateral da rodovia.<br \/>\nEquipes do Corpo de Bombeiros, da Pol\u00edcia Rodovi\u00e1ria e da concession\u00e1ria que administra a via foram acionadas para prestar socorro e organizar o tr\u00e1fego no local. Durante os trabalhos de atendimento, resgate e remo\u00e7\u00e3o dos ve\u00edculos, o acostamento da pista norte foi interditado, o que pode ter causado lentid\u00e3o no tr\u00e1fego da regi\u00e3o.<br \/>\nUma das v\u00edtimas, que sofreu ferimentos leves, foi rapidamente encaminhada ao Pronto-Socorro Municipal para receber os devidos cuidados m\u00e9dicos. J\u00e1 as outras duas pessoas envolvidas n\u00e3o resistiram aos ferimentos e morreram no local.<br \/>\nAs circunst\u00e2ncias exatas que levaram o autom\u00f3vel a invadir a pista contr\u00e1ria ainda s\u00e3o desconhecidas. A Pol\u00edcia Rodovi\u00e1ria informou que as causas do acidente ser\u00e3o averiguadas por meio de per\u00edcia e an\u00e1lise do local.<br \/>\nO acidente serve como um alerta para os perigos do tr\u00e2nsito, especialmente em hor\u00e1rios de menor movimento, quando a sensa\u00e7\u00e3o de seguran\u00e7a pode levar a condutas de risco.<\/p>\n<p><img loading=\"lazy\" decoding=\"async\" src=\"https:\/\/sabuguinho.com.br\/site\/wp-content\/uploads\/2025\/11\/588593252_1444713960994466_1080348085393988312_n-150x113.jpg\" alt=\"\" width=\"150\" height=\"113\" class=\"alignnone size-medium wp-image-37695\" srcset=\"https:\/\/sabuguinho.com.br\/site\/wp-content\/uploads\/2025\/11\/588593252_1444713960994466_1080348085393988312_n-150x113.jpg 150w, https:\/\/sabuguinho.com.br\/site\/wp-content\/uploads\/2025\/11\/588593252_1444713960994466_1080348085393988312_n-512x384.jpg 512w, https:\/\/sabuguinho.com.br\/site\/wp-content\/uploads\/2025\/11\/588593252_1444713960994466_1080348085393988312_n-768x576.jpg 768w, https:\/\/sabuguinho.com.br\/site\/wp-content\/uploads\/2025\/11\/588593252_1444713960994466_1080348085393988312_n-750x563.jpg 750w, https:\/\/sabuguinho.com.br\/site\/wp-content\/uploads\/2025\/11\/588593252_1444713960994466_1080348085393988312_n.jpg 1024w\" sizes=\"(max-width: 150px) 100vw, 150px\" \/><\/p>\n<p><img loading=\"lazy\" decoding=\"async\" src=\"https:\/\/sabuguinho.com.br\/site\/wp-content\/uploads\/2025\/11\/589009429_1444713927661136_5499990757159729120_n-150x113.jpg\" alt=\"\" width=\"150\" height=\"113\" class=\"alignnone size-medium wp-image-37696\" srcset=\"https:\/\/sabuguinho.com.br\/site\/wp-content\/uploads\/2025\/11\/589009429_1444713927661136_5499990757159729120_n-150x113.jpg 150w, https:\/\/sabuguinho.com.br\/site\/wp-content\/uploads\/2025\/11\/589009429_1444713927661136_5499990757159729120_n-512x384.jpg 512w, https:\/\/sabuguinho.com.br\/site\/wp-content\/uploads\/2025\/11\/589009429_1444713927661136_5499990757159729120_n-768x576.jpg 768w, https:\/\/sabuguinho.com.br\/site\/wp-content\/uploads\/2025\/11\/589009429_1444713927661136_5499990757159729120_n-750x563.jpg 750w, https:\/\/sabuguinho.com.br\/site\/wp-content\/uploads\/2025\/11\/589009429_1444713927661136_5499990757159729120_n.jpg 1024w\" sizes=\"(max-width: 150px) 100vw, 150px\" \/><\/p>\n","protected":false},"excerpt":{"rendered":"<p>Acidente de alta gravidade na madrugada deste domingo (23) resultou tamb\u00e9m em uma pessoa ferida; bitrem tombou e derramou 24 toneladas de calc\u00e1rio Um grave acidente na madrugada deste domingo (23) tirou a vida de duas pessoas na Rodovia Jo\u00e3o Mell\u00e3o (SP-255), em Avar\u00e9. A colis\u00e3o frontal deixou ainda uma pessoa ferida. A colis\u00e3o ocorreu [&hellip;]<\/p>\n","protected":false},"author":2,"featured_media":37697,"comment_status":"open","ping_status":"open","sticky":false,"template":"","format":"standard","meta":{"footnotes":""},"categories":[111],"tags":[],"_links":{"self":[{"href":"https:\/\/sabuguinho.com.br\/site\/wp-json\/wp\/v2\/posts\/37691"}],"collection":[{"href":"https:\/\/sabuguinho.com.br\/site\/wp-json\/wp\/v2\/posts"}],"about":[{"href":"https:\/\/sabuguinho.com.br\/site\/wp-json\/wp\/v2\/types\/post"}],"author":[{"embeddable":true,"href":"https:\/\/sabuguinho.com.br\/site\/wp-json\/wp\/v2\/users\/2"}],"replies":[{"embeddable":true,"href":"https:\/\/sabuguinho.com.br\/site\/wp-json\/wp\/v2\/comments?post=37691"}],"version-history":[{"count":1,"href":"https:\/\/sabuguinho.com.br\/site\/wp-json\/wp\/v2\/posts\/37691\/revisions"}],"predecessor-version":[{"id":37698,"href":"https:\/\/sabuguinho.com.br\/site\/wp-json\/wp\/v2\/posts\/37691\/revisions\/37698"}],"wp:featuredmedia":[{"embeddable":true,"href":"https:\/\/sabuguinho.com.br\/site\/wp-json\/wp\/v2\/media\/37697"}],"wp:attachment":[{"href":"https:\/\/sabuguinho.com.br\/site\/wp-json\/wp\/v2\/media?parent=37691"}],"wp:term":[{"taxonomy":"category","embeddable":true,"href":"https:\/\/sabuguinho.com.br\/site\/wp-json\/wp\/v2\/categories?post=37691"},{"taxonomy":"post_tag","embeddable":true,"href":"https:\/\/sabuguinho.com.br\/site\/wp-json\/wp\/v2\/tags?post=37691"}],"curies":[{"name":"wp","href":"https:\/\/api.w.org\/{rel}","templated":true}]}}