{"id":37666,"date":"2025-11-23T10:52:24","date_gmt":"2025-11-23T13:52:24","guid":{"rendered":"https:\/\/sabuguinho.com.br\/site\/?p=37666"},"modified":"2025-11-23T10:52:24","modified_gmt":"2025-11-23T13:52:24","slug":"caiado-diz-que-resposta-contra-prisao-de-bolsonaro-vira-das-ruas-nas-eleicoes","status":"publish","type":"post","link":"https:\/\/sabuguinho.com.br\/site\/caiado-diz-que-resposta-contra-prisao-de-bolsonaro-vira-das-ruas-nas-eleicoes\/","title":{"rendered":"Caiado diz que resposta contra pris\u00e3o de Bolsonaro vir\u00e1 das ruas nas elei\u00e7\u00f5es"},"content":{"rendered":"<p>Pronunciamento do pol\u00edtico goiano vem em linha com as falas de outros governadores aliados a ex-presidente<\/p>\n<p>Da Reda\u00e7\u00e3o com Estad\u00e3o Conte\u00fado<\/p>\n<p>O governador de Goi\u00e1s, Ronaldo Caiado (Uni\u00e3o Brasil), publicou na tarde deste s\u00e1bado (22), um v\u00eddeo em apoio ao ex-presidente Jair Bolsonaro. O pr\u00e9-candidato \u00e0 presid\u00eancia classificou a pris\u00e3o como &#8220;mais um triste cap\u00edtulo da pol\u00edtica nacional&#8221; e afirmou que &#8220;a resposta vir\u00e1 do povo e das ruas nas elei\u00e7\u00f5es do ano que vem&#8221;.<br \/>\n&#8220;O processo ao qual Bolsonaro est\u00e1 sendo submetido nos \u00faltimos meses \u00e9 uma clara tentativa de envergar sua dignidade at\u00e9 o limite que um homem pode suportar&#8221;, disse o governador em v\u00eddeo publicado na rede social X.<br \/>\nAssim como outros governadores, Caiado citou os problemas de sa\u00fade de Bolsonaro que, segundo ele, tornam &#8220;pouco razo\u00e1vel&#8221; acreditar que o ex-presidente teria condi\u00e7\u00f5es de levar a cabo um plano de fuga. &#8220;A suposi\u00e7\u00e3o de uma fuga a partir de uma vig\u00edlia \u00e9 t\u00e3o improv\u00e1vel quanto a suposi\u00e7\u00e3o da derrubada do Estado democrata de direito promovida por um bando de baderneiros.&#8221;<br \/>\nO pol\u00edtico disse ainda acreditar e torcer por uma revis\u00e3o r\u00e1pida da decis\u00e3o de pris\u00e3o pelo colegiado do Supremo Tribunal Federal. &#8220;Minha total solidariedade ao ex-presidente Bolsonaro e sua fam\u00edlia&#8221;, refor\u00e7ou.<br \/>\nO pronunciamento do pol\u00edtico goiano vem em linha com as falas de outros governadores aliados a Bolsonaro. O governador de S\u00e3o Paulo, Tarc\u00edsio de Freitas (Republicanos), por exemplo, disse que o ex-presidente \u00e9 inocente e o tempo mostrar\u00e1. J\u00e1 Cl\u00e1udio Castro (PL), do Rio de Janeiro, afirmou estar com Bolsonaro em mais esse desafio. O governador do Paran\u00e1, Ratinho Junior (PSD), por sua vez, disse que a pris\u00e3o demonstra insensibilidade do Poder <\/p>\n<p>Legenda<br \/>\nRonaldo Caiado (Uni\u00e3o Brasil), governador do Goi\u00e1s (Cr\u00e9dito: Valter Camargo\/Ag\u00eancia Brasil)<\/p>\n","protected":false},"excerpt":{"rendered":"<p>Pronunciamento do pol\u00edtico goiano vem em linha com as falas de outros governadores aliados a ex-presidente Da Reda\u00e7\u00e3o com Estad\u00e3o Conte\u00fado O governador de Goi\u00e1s, Ronaldo Caiado (Uni\u00e3o Brasil), publicou na tarde deste s\u00e1bado (22), um v\u00eddeo em apoio ao ex-presidente Jair Bolsonaro. O pr\u00e9-candidato \u00e0 presid\u00eancia classificou a pris\u00e3o como &#8220;mais um triste cap\u00edtulo [&hellip;]<\/p>\n","protected":false},"author":2,"featured_media":37667,"comment_status":"open","ping_status":"open","sticky":false,"template":"","format":"standard","meta":{"footnotes":""},"categories":[97],"tags":[],"_links":{"self":[{"href":"https:\/\/sabuguinho.com.br\/site\/wp-json\/wp\/v2\/posts\/37666"}],"collection":[{"href":"https:\/\/sabuguinho.com.br\/site\/wp-json\/wp\/v2\/posts"}],"about":[{"href":"https:\/\/sabuguinho.com.br\/site\/wp-json\/wp\/v2\/types\/post"}],"author":[{"embeddable":true,"href":"https:\/\/sabuguinho.com.br\/site\/wp-json\/wp\/v2\/users\/2"}],"replies":[{"embeddable":true,"href":"https:\/\/sabuguinho.com.br\/site\/wp-json\/wp\/v2\/comments?post=37666"}],"version-history":[{"count":1,"href":"https:\/\/sabuguinho.com.br\/site\/wp-json\/wp\/v2\/posts\/37666\/revisions"}],"predecessor-version":[{"id":37668,"href":"https:\/\/sabuguinho.com.br\/site\/wp-json\/wp\/v2\/posts\/37666\/revisions\/37668"}],"wp:featuredmedia":[{"embeddable":true,"href":"https:\/\/sabuguinho.com.br\/site\/wp-json\/wp\/v2\/media\/37667"}],"wp:attachment":[{"href":"https:\/\/sabuguinho.com.br\/site\/wp-json\/wp\/v2\/media?parent=37666"}],"wp:term":[{"taxonomy":"category","embeddable":true,"href":"https:\/\/sabuguinho.com.br\/site\/wp-json\/wp\/v2\/categories?post=37666"},{"taxonomy":"post_tag","embeddable":true,"href":"https:\/\/sabuguinho.com.br\/site\/wp-json\/wp\/v2\/tags?post=37666"}],"curies":[{"name":"wp","href":"https:\/\/api.w.org\/{rel}","templated":true}]}}