{"id":37609,"date":"2025-11-22T14:53:50","date_gmt":"2025-11-22T17:53:50","guid":{"rendered":"https:\/\/sabuguinho.com.br\/site\/?p=37609"},"modified":"2025-11-22T14:53:50","modified_gmt":"2025-11-22T17:53:50","slug":"prefeitura-de-avare-desmente-fake-news-e-confirma-realizacao-da-55a-emapa-em-2025","status":"publish","type":"post","link":"https:\/\/sabuguinho.com.br\/site\/prefeitura-de-avare-desmente-fake-news-e-confirma-realizacao-da-55a-emapa-em-2025\/","title":{"rendered":"PREFEITURA DE AVAR\u00c9 DESMENTE FAKE NEWS E CONFIRMA REALIZA\u00c7\u00c3O DA 55\u00aa EMAPA EM 2025"},"content":{"rendered":"<p>A Prefeitura da Est\u00e2ncia Tur\u00edstica de Avar\u00e9 emitiu um comunicado oficial na sexta-feira (21), para desmentir veementemente as falsas informa\u00e7\u00f5es que circulam em redes sociais e canais n\u00e3o oficiais sobre o cancelamento da 55\u00aa Exposi\u00e7\u00e3o Municipal Agropecu\u00e1ria e Industrial (EMAPA). As publica\u00e7\u00f5es fraudulentas alegavam que o Tribunal de Contas do Estado de S\u00e3o Paulo (TCE-SP) teria anulado a realiza\u00e7\u00e3o do evento.<br \/>\nDe acordo com a administra\u00e7\u00e3o municipal, a informa\u00e7\u00e3o \u00e9 completamente falsa. Em pronunciamento, o prefeito Roberto Araujo (PL) reafirmou que a EMAPA 2025 est\u00e1 confirmada e ser\u00e1 realizada normalmente, entre os dias 5 e 14 de dezembro.<br \/>\n\u201cA EMAPA est\u00e1 mantida. A cidade pode se preparar com tranquilidade\u201c, declarou o prefeito. Araujo destacou o impacto negativo da desinforma\u00e7\u00e3o: \u201cDesde o in\u00edcio da gest\u00e3o, precisamos parar o trabalho para responder fake news que s\u00f3 atrapalham a organiza\u00e7\u00e3o da cidade e prejudicam toda a comunidade avareense. Mesmo assim, seguimos firmes e com responsabilidade. A feira est\u00e1 confirmada e sendo conduzida com planejamento t\u00e9cnico e total transpar\u00eancia\u201d.<br \/>\nA Prefeitura informou que est\u00e1 adotando provid\u00eancias legais contra grupos e indiv\u00edduos identificados como respons\u00e1veis pela dissemina\u00e7\u00e3o das not\u00edcias falsas. O objetivo dessas a\u00e7\u00f5es, segundo o Executivo, \u00e9 coibir uma pr\u00e1tica que \u201cprejudica a comunidade, afeta o com\u00e9rcio local, atrapalha o funcionamento da administra\u00e7\u00e3o e gera instabilidade\u201d.<br \/>\nA administra\u00e7\u00e3o refor\u00e7ou que a propaga\u00e7\u00e3o de fake news sobre servi\u00e7os e eventos p\u00fablicos configura crimes como cal\u00fania, difama\u00e7\u00e3o, inj\u00faria e alarme falso, previstos na legisla\u00e7\u00e3o brasileira, com penas que podem incluir multas e deten\u00e7\u00e3o.<br \/>\nEnquanto isso, os preparativos para a 55\u00aa EMAPA seguem em andamento, dentro do cronograma estabelecido. Considerada a maior feira do Brasil com entrada gratuita, o evento \u00e9 um importante motor da economia local, reunindo os setores do agroneg\u00f3cio, ind\u00fastria, cultura, turismo e entretenimento.<br \/>\nA Prefeitura finalizou orientando a popula\u00e7\u00e3o a buscar informa\u00e7\u00f5es exclusivamente pelos canais oficiais do munic\u00edpio, a fim de evitar d\u00favidas e garantir o acesso a informa\u00e7\u00f5es seguras e ver\u00eddicas. A comunidade de Avar\u00e9 e da regi\u00e3o pode, assim, aguardar com confian\u00e7a mais uma edi\u00e7\u00e3o do tradicional evento.<\/p>\n<p>SHOWS -A grade de shows da 55\u00aa EMAPA traz uma sele\u00e7\u00e3o de artistas do cen\u00e1rio nacional, cobrindo diversos g\u00eaneros musicais, do sertanejo de ponta \u00e0 m\u00fasica gospel:<br \/>\nAbertura em 05\/12: O show de abertura da EMAPA 2025 fica por conta do \u201cmeteoro\u201d Luan Santana, que divide a noite com a cantora Lorenah.<\/p>\n<p>S\u00e1bado (06\/12): O palco recebe o cantor Daniel e a dupla Diego e Victor Hugo.<\/p>\n<p>Domingo (07\/12): \u00c9 dia de Z\u00e9 Neto e Cristiano, um dos maiores sucessos do sertanejo atual, e Tuta Guedes.<\/p>\n<p>Segunda-feira (08\/12): Dois shows religiosos emocionantes com os cantores Fernandinho e Thiago Brado.<\/p>\n<p>Quarta-feira (10\/12):Exclusivo para Artistas Avareenses: Uma noite inteira ser\u00e1 dedicada aos cantores e talentos da pr\u00f3pria cidade, dando um palco in\u00e9dito para a cena musical de Avar\u00e9.<\/p>\n<p>Quinta-feira (11\/12): A tradi\u00e7\u00e3o sertaneja de C\u00e9sar e Paulinho se encontra com a batida eletr\u00f4nica do DJ Jiraya UAI.<\/p>\n<p>Sexta-feira (12\/12): A festa continua com Rio Negro e Solim\u00f5es e o agito do DJ Open Farra.<\/p>\n<p>S\u00e1bado (13\/12): Uma das duplas femininas mais aclamadas do pa\u00eds, Maiara e Mara\u00edsa, se apresenta, seguida pelo DJ Vov\u00f4 James.<\/p>\n<p>Domingo &#8211; (14\/12)<br \/>\nAna Castela<\/p>\n","protected":false},"excerpt":{"rendered":"<p>A Prefeitura da Est\u00e2ncia Tur\u00edstica de Avar\u00e9 emitiu um comunicado oficial na sexta-feira (21), para desmentir veementemente as falsas informa\u00e7\u00f5es que circulam em redes sociais e canais n\u00e3o oficiais sobre o cancelamento da 55\u00aa Exposi\u00e7\u00e3o Municipal Agropecu\u00e1ria e Industrial (EMAPA). As publica\u00e7\u00f5es fraudulentas alegavam que o Tribunal de Contas do Estado de S\u00e3o Paulo (TCE-SP) [&hellip;]<\/p>\n","protected":false},"author":2,"featured_media":37613,"comment_status":"open","ping_status":"open","sticky":false,"template":"","format":"standard","meta":{"footnotes":""},"categories":[58,1,128],"tags":[],"_links":{"self":[{"href":"https:\/\/sabuguinho.com.br\/site\/wp-json\/wp\/v2\/posts\/37609"}],"collection":[{"href":"https:\/\/sabuguinho.com.br\/site\/wp-json\/wp\/v2\/posts"}],"about":[{"href":"https:\/\/sabuguinho.com.br\/site\/wp-json\/wp\/v2\/types\/post"}],"author":[{"embeddable":true,"href":"https:\/\/sabuguinho.com.br\/site\/wp-json\/wp\/v2\/users\/2"}],"replies":[{"embeddable":true,"href":"https:\/\/sabuguinho.com.br\/site\/wp-json\/wp\/v2\/comments?post=37609"}],"version-history":[{"count":1,"href":"https:\/\/sabuguinho.com.br\/site\/wp-json\/wp\/v2\/posts\/37609\/revisions"}],"predecessor-version":[{"id":37614,"href":"https:\/\/sabuguinho.com.br\/site\/wp-json\/wp\/v2\/posts\/37609\/revisions\/37614"}],"wp:featuredmedia":[{"embeddable":true,"href":"https:\/\/sabuguinho.com.br\/site\/wp-json\/wp\/v2\/media\/37613"}],"wp:attachment":[{"href":"https:\/\/sabuguinho.com.br\/site\/wp-json\/wp\/v2\/media?parent=37609"}],"wp:term":[{"taxonomy":"category","embeddable":true,"href":"https:\/\/sabuguinho.com.br\/site\/wp-json\/wp\/v2\/categories?post=37609"},{"taxonomy":"post_tag","embeddable":true,"href":"https:\/\/sabuguinho.com.br\/site\/wp-json\/wp\/v2\/tags?post=37609"}],"curies":[{"name":"wp","href":"https:\/\/api.w.org\/{rel}","templated":true}]}}