{"id":37319,"date":"2025-11-17T13:57:40","date_gmt":"2025-11-17T16:57:40","guid":{"rendered":"https:\/\/sabuguinho.com.br\/site\/?p=37319"},"modified":"2025-11-17T14:06:03","modified_gmt":"2025-11-17T17:06:03","slug":"jornalista-natalia-lemos-assume-presidencia-estadual-do-podemos-mulhe","status":"publish","type":"post","link":"https:\/\/sabuguinho.com.br\/site\/jornalista-natalia-lemos-assume-presidencia-estadual-do-podemos-mulhe\/","title":{"rendered":"Jornalista Nat\u00e1lia Lemos assume presid\u00eancia estadual do Podemos Mulhe"},"content":{"rendered":"<p>A Comarca Regional<\/p>\n<p>Formada em Jornalismo pela Universidade Sagrado Cora\u00e7\u00e3o, de Bauru, avareense \u00e9 p\u00f3s-graduada em Comunica\u00e7\u00e3o Eleitoral e Marketing Pol\u00edtico<\/p>\n<p>A jornalista avareense Nat\u00e1lia Lemos Lima acaba de assumir a presid\u00eancia estadual do Podemos Mulher S\u00e3o Paulo. Aos 30 anos, Nat\u00e1lia tem uma trajet\u00f3ria marcada pela comunica\u00e7\u00e3o p\u00fablica e pela atua\u00e7\u00e3o pol\u00edtica, sempre pautada pelo compromisso com o desenvolvimento regional e pela valoriza\u00e7\u00e3o da mulher na pol\u00edtica.<br \/>\nFormada em Jornalismo pela Universidade Sagrado Cora\u00e7\u00e3o de Bauru, Nat\u00e1lia \u00e9 p\u00f3s-graduada em Comunica\u00e7\u00e3o Eleitoral e Marketing Pol\u00edtico, possui MBA em Comunica\u00e7\u00e3o Governamental e atualmente cursa MBA em Gest\u00e3o P\u00fablica.<br \/>\nCom ampla experi\u00eancia profissional, j\u00e1 atuou como rep\u00f3rter no Jornal A Comarca, radialista na R\u00e1dio Paulista FM, assessora de imprensa na C\u00e2mara Municipal de Cerqueira C\u00e9sar, chefe de gabinete e diretora de Comunica\u00e7\u00e3o na Prefeitura de Paranapanema, al\u00e9m de ter exercido as fun\u00e7\u00f5es de assessora parlamentar na Assembleia Legislativa de S\u00e3o Paulo e coordenadora regional do mandato da deputada federal Renata Abreu.<br \/>\nSegundo Nat\u00e1lia, assumir a presid\u00eancia estadual do Podemos Mulher representa um novo e importante desafio em sua trajet\u00f3ria. \u201cAssumir essa miss\u00e3o \u00e9, sem d\u00favida, um dos maiores desafios da minha vida \u2013 e tamb\u00e9m um dos mais especiais. Desde 2017, quando comecei a trabalhar com pol\u00edtica, descobri que esse era o meu verdadeiro lugar. A pol\u00edtica \u00e9, para mim, a maior ferramenta de transforma\u00e7\u00e3o que existe. \u00c9 a arte de mudar realidades e melhorar a vida das pessoas\u201d, afirmou.<br \/>\nA nova presidente destaca que seu principal compromisso \u00e0 frente do Podemos Mulher-SP ser\u00e1 fortalecer a presen\u00e7a feminina na pol\u00edtica e incentivar novas lideran\u00e7as. \u201cSabemos que ainda existe uma grande desigualdade entre o n\u00famero de homens e mulheres na pol\u00edtica. Muitas vezes somos questionadas e colocadas \u00e0 prova em dobro. Por isso, meu objetivo \u00e9 abrir caminhos e mostrar que pol\u00edtica n\u00e3o \u00e9 territ\u00f3rio exclusivo de homens. N\u00f3s, mulheres, precisamos \u2014 e merecemos \u2014 ocupar espa\u00e7os de poder\u201d, enfatizou.<br \/>\nNat\u00e1lia tamb\u00e9m enalteceu o trabalho realizado pela deputada federal Renata Abreu, presidente nacional do Podemos, e pela presidente nacional do Podemos Mulher, M\u00e1rcia Pinheiro, destacando o compromisso do partido com a inclus\u00e3o e o protagonismo feminino.<br \/>\n\u201cO Podemos tem uma hist\u00f3ria bonita nesse sentido. \u00c9 um partido que acredita na for\u00e7a da mulher e incentiva essa participa\u00e7\u00e3o. Ter uma mulher \u00e0 frente do partido inspira e mostra que estamos no caminho certo\u201d, ressaltou.<br \/>\nEm seu discurso, a nova presidente tamb\u00e9m fez quest\u00e3o de agradecer \u00e0 ex-presidente estadual Alessandra Algarim, que comandou o Podemos Mulher-SP at\u00e9 ent\u00e3o, e refor\u00e7ou a import\u00e2ncia da uni\u00e3o feminina dentro da pol\u00edtica. \u201cNosso prop\u00f3sito \u00e9 caminhar juntas, incentivar novas lideran\u00e7as e fortalecer aquelas que j\u00e1 est\u00e3o na jornada. Queremos pol\u00edticas p\u00fablicas efetivas, queremos voz, queremos espa\u00e7o \u2014 e vamos ocupar. A for\u00e7a da mulher tamb\u00e9m est\u00e1 na pol\u00edtica, e \u00e9 hora de mostrar isso\u201d, concluiu.<br \/>\nCom a posse de Nat\u00e1lia Lemos, o Podemos Mulher-SP inicia uma nova fase voltada \u00e0 forma\u00e7\u00e3o de lideran\u00e7as femininas, ao fortalecimento das pol\u00edticas p\u00fablicas voltadas \u00e0s mulheres e \u00e0 amplia\u00e7\u00e3o da presen\u00e7a feminina nos espa\u00e7os de decis\u00e3o em todo o estado de S\u00e3o Paulo.<\/p>\n","protected":false},"excerpt":{"rendered":"<p>A Comarca Regional Formada em Jornalismo pela Universidade Sagrado Cora\u00e7\u00e3o, de Bauru, avareense \u00e9 p\u00f3s-graduada em Comunica\u00e7\u00e3o Eleitoral e Marketing Pol\u00edtico A jornalista avareense Nat\u00e1lia Lemos Lima acaba de assumir a presid\u00eancia estadual do Podemos Mulher S\u00e3o Paulo. Aos 30 anos, Nat\u00e1lia tem uma trajet\u00f3ria marcada pela comunica\u00e7\u00e3o p\u00fablica e pela atua\u00e7\u00e3o pol\u00edtica, sempre pautada [&hellip;]<\/p>\n","protected":false},"author":2,"featured_media":37322,"comment_status":"open","ping_status":"open","sticky":false,"template":"","format":"standard","meta":{"footnotes":""},"categories":[1,94],"tags":[],"_links":{"self":[{"href":"https:\/\/sabuguinho.com.br\/site\/wp-json\/wp\/v2\/posts\/37319"}],"collection":[{"href":"https:\/\/sabuguinho.com.br\/site\/wp-json\/wp\/v2\/posts"}],"about":[{"href":"https:\/\/sabuguinho.com.br\/site\/wp-json\/wp\/v2\/types\/post"}],"author":[{"embeddable":true,"href":"https:\/\/sabuguinho.com.br\/site\/wp-json\/wp\/v2\/users\/2"}],"replies":[{"embeddable":true,"href":"https:\/\/sabuguinho.com.br\/site\/wp-json\/wp\/v2\/comments?post=37319"}],"version-history":[{"count":3,"href":"https:\/\/sabuguinho.com.br\/site\/wp-json\/wp\/v2\/posts\/37319\/revisions"}],"predecessor-version":[{"id":37326,"href":"https:\/\/sabuguinho.com.br\/site\/wp-json\/wp\/v2\/posts\/37319\/revisions\/37326"}],"wp:featuredmedia":[{"embeddable":true,"href":"https:\/\/sabuguinho.com.br\/site\/wp-json\/wp\/v2\/media\/37322"}],"wp:attachment":[{"href":"https:\/\/sabuguinho.com.br\/site\/wp-json\/wp\/v2\/media?parent=37319"}],"wp:term":[{"taxonomy":"category","embeddable":true,"href":"https:\/\/sabuguinho.com.br\/site\/wp-json\/wp\/v2\/categories?post=37319"},{"taxonomy":"post_tag","embeddable":true,"href":"https:\/\/sabuguinho.com.br\/site\/wp-json\/wp\/v2\/tags?post=37319"}],"curies":[{"name":"wp","href":"https:\/\/api.w.org\/{rel}","templated":true}]}}