{"id":37194,"date":"2025-11-14T18:52:34","date_gmt":"2025-11-14T21:52:34","guid":{"rendered":"https:\/\/sabuguinho.com.br\/site\/?p=37194"},"modified":"2025-11-14T18:52:34","modified_gmt":"2025-11-14T21:52:34","slug":"avare-53o-batalhao-do-interior-conquista-premio-de-qualidade-na-gestao-policial-militar","status":"publish","type":"post","link":"https:\/\/sabuguinho.com.br\/site\/avare-53o-batalhao-do-interior-conquista-premio-de-qualidade-na-gestao-policial-militar\/","title":{"rendered":"Avar\u00e9 &#8211; 53\u00ba BATALH\u00c3O DO INTERIOR CONQUISTA PR\u00caMIO DE QUALIDADE NA GEST\u00c3O POLICIAL MILITAR"},"content":{"rendered":"<p>O 53\u00ba Batalh\u00e3o de Pol\u00edcia Militar do Interior (53\u00ba BPM\/I), sediado em Avar\u00e9, foi agraciado com o pr\u00eamio Grau Prata no 21\u00ba Pr\u00eamio Pol\u00edcia Militar da Qualidade (PPMQ), ciclo 2025. A cerim\u00f4nia de entrega ocorreu na quinta-feira, 13 de novembro, no Memorial da Am\u00e9rica Latina, em S\u00e3o Paulo, e foi presidida pelo Comandante Geral da PMESP, Coronel PM Coutinho.<br \/>\nO Tenente-Coronel PM Salom\u00e3o, Comandante do Batalh\u00e3o, recebeu a honraria, que atesta a excel\u00eancia na gest\u00e3o e o compromisso da Unidade com a melhoria cont\u00ednua de seus processos. De acordo com o comando do 53\u00ba BPM\/I, o reconhecimento \u00e9 resultado do esfor\u00e7o coletivo de todos os Oficiais e Pra\u00e7as, que se dedicam diariamente a atender as demandas da comunidade de Avar\u00e9 e regi\u00e3o com efic\u00e1cia e um servi\u00e7o policial de qualidade.<br \/>\nO pr\u00eamio PPMQ \u00e9 uma iniciativa que fomenta a busca incessante pela excel\u00eancia dentro da corpora\u00e7\u00e3o.<br \/>\nA conquista do Grau Prata motiva o batalh\u00e3o a manter o alto padr\u00e3o em sua miss\u00e3o, reafirmando o compromisso de continuar trabalhando incansavelmente pela seguran\u00e7a e bem-estar da popula\u00e7\u00e3o<\/p>\n<p><img loading=\"lazy\" decoding=\"async\" src=\"https:\/\/sabuguinho.com.br\/site\/wp-content\/uploads\/2025\/11\/AVARE-PM-2-150x98.png\" alt=\"\" width=\"150\" height=\"98\" class=\"alignnone size-medium wp-image-37195\" srcset=\"https:\/\/sabuguinho.com.br\/site\/wp-content\/uploads\/2025\/11\/AVARE-PM-2-150x98.png 150w, https:\/\/sabuguinho.com.br\/site\/wp-content\/uploads\/2025\/11\/AVARE-PM-2-512x334.png 512w, https:\/\/sabuguinho.com.br\/site\/wp-content\/uploads\/2025\/11\/AVARE-PM-2-768x501.png 768w, https:\/\/sabuguinho.com.br\/site\/wp-content\/uploads\/2025\/11\/AVARE-PM-2-750x489.png 750w, https:\/\/sabuguinho.com.br\/site\/wp-content\/uploads\/2025\/11\/AVARE-PM-2.png 822w\" sizes=\"(max-width: 150px) 100vw, 150px\" \/><\/p>\n","protected":false},"excerpt":{"rendered":"<p>O 53\u00ba Batalh\u00e3o de Pol\u00edcia Militar do Interior (53\u00ba BPM\/I), sediado em Avar\u00e9, foi agraciado com o pr\u00eamio Grau Prata no 21\u00ba Pr\u00eamio Pol\u00edcia Militar da Qualidade (PPMQ), ciclo 2025. A cerim\u00f4nia de entrega ocorreu na quinta-feira, 13 de novembro, no Memorial da Am\u00e9rica Latina, em S\u00e3o Paulo, e foi presidida pelo Comandante Geral da [&hellip;]<\/p>\n","protected":false},"author":2,"featured_media":37196,"comment_status":"open","ping_status":"open","sticky":false,"template":"","format":"standard","meta":{"footnotes":""},"categories":[111],"tags":[],"_links":{"self":[{"href":"https:\/\/sabuguinho.com.br\/site\/wp-json\/wp\/v2\/posts\/37194"}],"collection":[{"href":"https:\/\/sabuguinho.com.br\/site\/wp-json\/wp\/v2\/posts"}],"about":[{"href":"https:\/\/sabuguinho.com.br\/site\/wp-json\/wp\/v2\/types\/post"}],"author":[{"embeddable":true,"href":"https:\/\/sabuguinho.com.br\/site\/wp-json\/wp\/v2\/users\/2"}],"replies":[{"embeddable":true,"href":"https:\/\/sabuguinho.com.br\/site\/wp-json\/wp\/v2\/comments?post=37194"}],"version-history":[{"count":1,"href":"https:\/\/sabuguinho.com.br\/site\/wp-json\/wp\/v2\/posts\/37194\/revisions"}],"predecessor-version":[{"id":37197,"href":"https:\/\/sabuguinho.com.br\/site\/wp-json\/wp\/v2\/posts\/37194\/revisions\/37197"}],"wp:featuredmedia":[{"embeddable":true,"href":"https:\/\/sabuguinho.com.br\/site\/wp-json\/wp\/v2\/media\/37196"}],"wp:attachment":[{"href":"https:\/\/sabuguinho.com.br\/site\/wp-json\/wp\/v2\/media?parent=37194"}],"wp:term":[{"taxonomy":"category","embeddable":true,"href":"https:\/\/sabuguinho.com.br\/site\/wp-json\/wp\/v2\/categories?post=37194"},{"taxonomy":"post_tag","embeddable":true,"href":"https:\/\/sabuguinho.com.br\/site\/wp-json\/wp\/v2\/tags?post=37194"}],"curies":[{"name":"wp","href":"https:\/\/api.w.org\/{rel}","templated":true}]}}