{"id":37174,"date":"2025-11-14T16:06:31","date_gmt":"2025-11-14T19:06:31","guid":{"rendered":"https:\/\/sabuguinho.com.br\/site\/?p=37174"},"modified":"2025-11-14T16:06:31","modified_gmt":"2025-11-14T19:06:31","slug":"tem-obra-importante-saindo-do-papel-em-avare","status":"publish","type":"post","link":"https:\/\/sabuguinho.com.br\/site\/tem-obra-importante-saindo-do-papel-em-avare\/","title":{"rendered":"TEM OBRA IMPORTANTE SAINDO DO PAPEL EM AVAR\u00c9!*"},"content":{"rendered":"<p>Est\u00e1 em andamento a implanta\u00e7\u00e3o de um novo viaduto em desn\u00edvel (passagem superior) na Rodovia Jo\u00e3o Mell\u00e3o \u2013 SP-255, km 260+480m.<\/p>\n<p>Um investimento que vai transformar a mobilidade do munic\u00edpio e regi\u00e3o, garantindo mais seguran\u00e7a aos usu\u00e1rios da via.<br \/>\nCom essa obra, teremos:<br \/>\n&#8211; Liga\u00e7\u00e3o direta entre os bairros Brab\u00e2ncia e Terras de S\u00e3o Jos\u00e9<br \/>\n&#8211; Acesso seguro ao Cemit\u00e9rio Novo e conex\u00e3o facilitada com a \u00e1rea central<br \/>\n&#8211; Retorno em desn\u00edvel e travessia segura para pedestres<br \/>\n&#8211; Mais fluidez, mobilidade e seguran\u00e7a para quem vive e trabalha na regi\u00e3o<\/p>\n<p>Essa conquista \u00e9 fruto do trabalho e uni\u00e3o junto ao nosso mandato, em parceria com a nossa amiga vereadora Professora Adalgisa, com o vereador Luiz Cl\u00e1udio Despachante, ex-vereador Toninho Cicirelli e vereadora Ana Carolina, que participaram ao nosso lado da interlocu\u00e7\u00e3o nas secretarias de Estado, no Governo do Estado e cobrando por resultados.<br \/>\nSeguimos juntos trabalhando por obras que fazem a diferen\u00e7a na vida da popula\u00e7\u00e3o.<\/p>\n","protected":false},"excerpt":{"rendered":"<p>Est\u00e1 em andamento a implanta\u00e7\u00e3o de um novo viaduto em desn\u00edvel (passagem superior) na Rodovia Jo\u00e3o Mell\u00e3o \u2013 SP-255, km 260+480m. Um investimento que vai transformar a mobilidade do munic\u00edpio e regi\u00e3o, garantindo mais seguran\u00e7a aos usu\u00e1rios da via. Com essa obra, teremos: &#8211; Liga\u00e7\u00e3o direta entre os bairros Brab\u00e2ncia e Terras de S\u00e3o Jos\u00e9 [&hellip;]<\/p>\n","protected":false},"author":2,"featured_media":37177,"comment_status":"open","ping_status":"open","sticky":false,"template":"","format":"standard","meta":{"footnotes":""},"categories":[51],"tags":[],"_links":{"self":[{"href":"https:\/\/sabuguinho.com.br\/site\/wp-json\/wp\/v2\/posts\/37174"}],"collection":[{"href":"https:\/\/sabuguinho.com.br\/site\/wp-json\/wp\/v2\/posts"}],"about":[{"href":"https:\/\/sabuguinho.com.br\/site\/wp-json\/wp\/v2\/types\/post"}],"author":[{"embeddable":true,"href":"https:\/\/sabuguinho.com.br\/site\/wp-json\/wp\/v2\/users\/2"}],"replies":[{"embeddable":true,"href":"https:\/\/sabuguinho.com.br\/site\/wp-json\/wp\/v2\/comments?post=37174"}],"version-history":[{"count":1,"href":"https:\/\/sabuguinho.com.br\/site\/wp-json\/wp\/v2\/posts\/37174\/revisions"}],"predecessor-version":[{"id":37178,"href":"https:\/\/sabuguinho.com.br\/site\/wp-json\/wp\/v2\/posts\/37174\/revisions\/37178"}],"wp:featuredmedia":[{"embeddable":true,"href":"https:\/\/sabuguinho.com.br\/site\/wp-json\/wp\/v2\/media\/37177"}],"wp:attachment":[{"href":"https:\/\/sabuguinho.com.br\/site\/wp-json\/wp\/v2\/media?parent=37174"}],"wp:term":[{"taxonomy":"category","embeddable":true,"href":"https:\/\/sabuguinho.com.br\/site\/wp-json\/wp\/v2\/categories?post=37174"},{"taxonomy":"post_tag","embeddable":true,"href":"https:\/\/sabuguinho.com.br\/site\/wp-json\/wp\/v2\/tags?post=37174"}],"curies":[{"name":"wp","href":"https:\/\/api.w.org\/{rel}","templated":true}]}}